{"id":50431,"date":"2025-08-19T17:57:46","date_gmt":"2025-08-19T22:57:46","guid":{"rendered":"https:\/\/elmercuriomanta.ec\/?p=50431"},"modified":"2025-08-19T18:03:37","modified_gmt":"2025-08-19T23:03:37","slug":"tribunal-superior-de-bogota-anula-orden-de-detencion-y-libera-al-expresidente-alvaro-uribe-velez","status":"publish","type":"post","link":"https:\/\/elmercuriomanta.ec\/index.php\/2025\/08\/19\/tribunal-superior-de-bogota-anula-orden-de-detencion-y-libera-al-expresidente-alvaro-uribe-velez\/","title":{"rendered":"Tribunal Superior de Bogot\u00e1 anula orden de detenci\u00f3n y libera al expresidente \u00c1lvaro Uribe V\u00e9lez"},"content":{"rendered":"\n<figure class=\"wp-block-image aligncenter size-full is-resized\"><img fetchpriority=\"high\" decoding=\"async\" width=\"920\" height=\"613\" src=\"https:\/\/elmercuriomanta.ec\/wp-content\/uploads\/2025\/08\/WhatsApp-Image-2025-08-19-at-17.47.09.jpeg\" alt=\"\" class=\"wp-image-50434\" style=\"width:354px;height:auto\" srcset=\"https:\/\/elmercuriomanta.ec\/wp-content\/uploads\/2025\/08\/WhatsApp-Image-2025-08-19-at-17.47.09.jpeg 920w, https:\/\/elmercuriomanta.ec\/wp-content\/uploads\/2025\/08\/WhatsApp-Image-2025-08-19-at-17.47.09-300x200.jpeg 300w, https:\/\/elmercuriomanta.ec\/wp-content\/uploads\/2025\/08\/WhatsApp-Image-2025-08-19-at-17.47.09-768x512.jpeg 768w\" sizes=\"(max-width: 920px) 100vw, 920px\" \/><\/figure>\n\n\n\n<p>\u00a0El Tribunal Superior del Distrito Judicial de Bogot\u00e1, en Sala de Decisi\u00f3n Penal, decidi\u00f3 amparar el derecho fundamental a la libertad individual del expresidente \u00c1lvaro Uribe V\u00e9lez.<\/p>\n\n\n\n<p>La decisi\u00f3n deja sin efecto el numeral cuarto del fallo emitido por el Juzgado 44 Penal del Circuito de Bogot\u00e1 el 1 de agosto de 2025, que hab\u00eda ordenado la privaci\u00f3n inmediata de la libertad de Uribe. Con la resoluci\u00f3n, el tribunal ordena que el juzgado expedida de inmediato la boleta de libertad a favor del expresidente.<\/p>\n\n\n\n<figure class=\"wp-block-image size-full\"><img decoding=\"async\" width=\"589\" height=\"900\" src=\"https:\/\/elmercuriomanta.ec\/wp-content\/uploads\/2025\/08\/Gyv0z86XEAADgiZ.jpg\" alt=\"\" class=\"wp-image-50435\" srcset=\"https:\/\/elmercuriomanta.ec\/wp-content\/uploads\/2025\/08\/Gyv0z86XEAADgiZ.jpg 589w, https:\/\/elmercuriomanta.ec\/wp-content\/uploads\/2025\/08\/Gyv0z86XEAADgiZ-196x300.jpg 196w\" sizes=\"(max-width: 589px) 100vw, 589px\" \/><\/figure>\n\n\n\n<p>Adem\u00e1s, el Tribunal declar\u00f3 improcedentes los amparos interpuestos por los ciudadanos Gabriel Jaime Vallejo Chujfi, Jes\u00fas Baena \u00c1lvarez y \u00c1lvaro Jany Barbosa.<\/p>\n\n\n\n<p>El fallo establece tambi\u00e9n que, en caso de no ser impugnada la decisi\u00f3n, la actuaci\u00f3n deber\u00e1 remitirse a la Corte Constitucional para su eventual revisi\u00f3n, de acuerdo con lo previsto en el art\u00edculo 30 del Decreto 2591 de 1991.<\/p>\n\n\n\n<p>Con esta sentencia, Uribe V\u00e9lez recupera su libertad mientras se contin\u00faa con el proceso judicial, que sigue bajo revisi\u00f3n por las autoridades competentes.<\/p>\n","protected":false},"excerpt":{"rendered":"<p>El Tribunal Superior del Distrito Judicial de Bogot\u00e1, en Sala de Decisi\u00f3n Penal, decidi\u00f3 amparar el derecho fundamental a la libertad individual del expresidente \u00c1lvaro Uribe V\u00e9lez.<\/p>\n","protected":false},"author":14,"featured_media":50434,"comment_status":"open","ping_status":"open","sticky":false,"template":"","format":"standard","meta":{"footnotes":""},"categories":[8,1],"tags":[42],"class_list":["post-50431","post","type-post","status-publish","format-standard","has-post-thumbnail","hentry","category-internacional","category-uncategorized","tag-internacional"],"_links":{"self":[{"href":"https:\/\/elmercuriomanta.ec\/index.php\/wp-json\/wp\/v2\/posts\/50431","targetHints":{"allow":["GET"]}}],"collection":[{"href":"https:\/\/elmercuriomanta.ec\/index.php\/wp-json\/wp\/v2\/posts"}],"about":[{"href":"https:\/\/elmercuriomanta.ec\/index.php\/wp-json\/wp\/v2\/types\/post"}],"author":[{"embeddable":true,"href":"https:\/\/elmercuriomanta.ec\/index.php\/wp-json\/wp\/v2\/users\/14"}],"replies":[{"embeddable":true,"href":"https:\/\/elmercuriomanta.ec\/index.php\/wp-json\/wp\/v2\/comments?post=50431"}],"version-history":[{"count":3,"href":"https:\/\/elmercuriomanta.ec\/index.php\/wp-json\/wp\/v2\/posts\/50431\/revisions"}],"predecessor-version":[{"id":50436,"href":"https:\/\/elmercuriomanta.ec\/index.php\/wp-json\/wp\/v2\/posts\/50431\/revisions\/50436"}],"wp:featuredmedia":[{"embeddable":true,"href":"https:\/\/elmercuriomanta.ec\/index.php\/wp-json\/wp\/v2\/media\/50434"}],"wp:attachment":[{"href":"https:\/\/elmercuriomanta.ec\/index.php\/wp-json\/wp\/v2\/media?parent=50431"}],"wp:term":[{"taxonomy":"category","embeddable":true,"href":"https:\/\/elmercuriomanta.ec\/index.php\/wp-json\/wp\/v2\/categories?post=50431"},{"taxonomy":"post_tag","embeddable":true,"href":"https:\/\/elmercuriomanta.ec\/index.php\/wp-json\/wp\/v2\/tags?post=50431"}],"curies":[{"name":"wp","href":"https:\/\/api.w.org\/{rel}","templated":true}]}}