{"id":50329,"date":"2025-08-18T12:59:09","date_gmt":"2025-08-18T17:59:09","guid":{"rendered":"https:\/\/elmercuriomanta.ec\/?p=50329"},"modified":"2025-08-18T14:26:28","modified_gmt":"2025-08-18T19:26:28","slug":"fiscalia-va-tras-los-autores-intelectuales-del-crimen-de-fernando-villavicencio","status":"publish","type":"post","link":"https:\/\/elmercuriomanta.ec\/index.php\/2025\/08\/18\/fiscalia-va-tras-los-autores-intelectuales-del-crimen-de-fernando-villavicencio\/","title":{"rendered":"Fiscal\u00eda va tras los autores intelectuales del crimen de Fernando Villavicencio"},"content":{"rendered":"\n<figure class=\"wp-block-image aligncenter size-full is-resized\"><img fetchpriority=\"high\" decoding=\"async\" width=\"600\" height=\"430\" src=\"https:\/\/elmercuriomanta.ec\/wp-content\/uploads\/2025\/08\/image-186.png\" alt=\"\" class=\"wp-image-50332\" style=\"width:396px;height:auto\" srcset=\"https:\/\/elmercuriomanta.ec\/wp-content\/uploads\/2025\/08\/image-186.png 600w, https:\/\/elmercuriomanta.ec\/wp-content\/uploads\/2025\/08\/image-186-300x215.png 300w\" sizes=\"(max-width: 600px) 100vw, 600px\" \/><\/figure>\n\n\n\n<p>En el marco de la investigaci\u00f3n previa por el asesinato de Fernando Villavicencio, ocurrido el 9 de agosto de 2023, la Fiscal\u00eda General del Estado solicit\u00f3 al juez a cargo de la causa convocar a Ronny Xavier Aleaga, Xavier Edmundo Jord\u00e1n, Daniel Salcedo y Jos\u00e9 Ricardo Serrano a la audiencia de formulaci\u00f3n de cargos en su contra.<\/p>\n\n\n\n<p>La solicitud se fundamenta en una investigaci\u00f3n exhaustiva realizada por la Fiscal\u00eda, respaldada por s\u00f3lidos elementos de convicci\u00f3n que permiten presumir la participaci\u00f3n de estas personas como autores intelectuales del delito de asesinato, en el caso denominado Magnicidio Fernando Villavicencio.<\/p>\n\n\n\n<p>La Fiscal\u00eda reafirma que la delincuencia no tiene lugar en un Estado democr\u00e1tico y que la justicia continuar\u00e1 actuando con contundencia contra la impunidad, tanto en este caso como en todos los procesos derivados del mismo.<\/p>\n","protected":false},"excerpt":{"rendered":"<p>En el marco de la investigaci\u00f3n previa por el asesinato de Fernando Villavicencio, ocurrido el 9 de agosto de 2023, la Fiscal\u00eda General del Estado solicit\u00f3 al juez a cargo de la causa convocar a Ronny Xavier Aleaga, Xavier Edmundo Jord\u00e1n, Daniel Salcedo y Jos\u00e9 Ricardo Serrano a la audiencia de formulaci\u00f3n de cargos en su contra.<\/p>\n","protected":false},"author":14,"featured_media":50332,"comment_status":"open","ping_status":"open","sticky":false,"template":"","format":"standard","meta":{"footnotes":""},"categories":[20,83,1],"tags":[23],"class_list":["post-50329","post","type-post","status-publish","format-standard","has-post-thumbnail","hentry","category-portada-2","category-sucesos","category-uncategorized","tag-ecuador"],"_links":{"self":[{"href":"https:\/\/elmercuriomanta.ec\/index.php\/wp-json\/wp\/v2\/posts\/50329","targetHints":{"allow":["GET"]}}],"collection":[{"href":"https:\/\/elmercuriomanta.ec\/index.php\/wp-json\/wp\/v2\/posts"}],"about":[{"href":"https:\/\/elmercuriomanta.ec\/index.php\/wp-json\/wp\/v2\/types\/post"}],"author":[{"embeddable":true,"href":"https:\/\/elmercuriomanta.ec\/index.php\/wp-json\/wp\/v2\/users\/14"}],"replies":[{"embeddable":true,"href":"https:\/\/elmercuriomanta.ec\/index.php\/wp-json\/wp\/v2\/comments?post=50329"}],"version-history":[{"count":4,"href":"https:\/\/elmercuriomanta.ec\/index.php\/wp-json\/wp\/v2\/posts\/50329\/revisions"}],"predecessor-version":[{"id":50334,"href":"https:\/\/elmercuriomanta.ec\/index.php\/wp-json\/wp\/v2\/posts\/50329\/revisions\/50334"}],"wp:featuredmedia":[{"embeddable":true,"href":"https:\/\/elmercuriomanta.ec\/index.php\/wp-json\/wp\/v2\/media\/50332"}],"wp:attachment":[{"href":"https:\/\/elmercuriomanta.ec\/index.php\/wp-json\/wp\/v2\/media?parent=50329"}],"wp:term":[{"taxonomy":"category","embeddable":true,"href":"https:\/\/elmercuriomanta.ec\/index.php\/wp-json\/wp\/v2\/categories?post=50329"},{"taxonomy":"post_tag","embeddable":true,"href":"https:\/\/elmercuriomanta.ec\/index.php\/wp-json\/wp\/v2\/tags?post=50329"}],"curies":[{"name":"wp","href":"https:\/\/api.w.org\/{rel}","templated":true}]}}