{"id":50318,"date":"2025-08-18T11:54:32","date_gmt":"2025-08-18T16:54:32","guid":{"rendered":"https:\/\/elmercuriomanta.ec\/?p=50318"},"modified":"2025-08-18T11:55:55","modified_gmt":"2025-08-18T16:55:55","slug":"ecuador-se-blinda-despliega-2-000-militares","status":"publish","type":"post","link":"https:\/\/elmercuriomanta.ec\/index.php\/2025\/08\/18\/ecuador-se-blinda-despliega-2-000-militares\/","title":{"rendered":"Ecuador se blinda:\u00a0Gobierno despliega 2.000 militares en cuatro provincias"},"content":{"rendered":"\n<figure class=\"wp-block-image aligncenter size-full is-resized\"><img fetchpriority=\"high\" decoding=\"async\" width=\"820\" height=\"1024\" src=\"https:\/\/elmercuriomanta.ec\/wp-content\/uploads\/2025\/08\/image-184.png\" alt=\"\" class=\"wp-image-50320\" style=\"width:291px;height:auto\" srcset=\"https:\/\/elmercuriomanta.ec\/wp-content\/uploads\/2025\/08\/image-184.png 820w, https:\/\/elmercuriomanta.ec\/wp-content\/uploads\/2025\/08\/image-184-240x300.png 240w, https:\/\/elmercuriomanta.ec\/wp-content\/uploads\/2025\/08\/image-184-768x959.png 768w\" sizes=\"(max-width: 820px) 100vw, 820px\" \/><\/figure>\n\n\n\n<p>El Gobierno Nacional, bajo el liderazgo del presidente Daniel Noboa Azin y la coordinaci\u00f3n del ministro de Defensa, Gian Carlo Loffredo, anunci\u00f3 el despliegue de 2.000 militares adicionales hacia cuatro provincias consideradas estrat\u00e9gicas para la seguridad del pa\u00eds.<\/p>\n\n\n\n<p>Este contingente forma parte del Bloque de Seguridad, una estrategia que busca fortalecer el control territorial y combatir las principales amenazas que afectan a la ciudadan\u00eda: narcotr\u00e1fico, miner\u00eda ilegal, tr\u00e1fico de armas y municiones, y la acci\u00f3n de grupos armados delincuenciales.<\/p>\n\n\n\n<p>Los soldados, recientemente graduados y entrenados en disciplina, honor y t\u00e1cticas de combate, se sumar\u00e1n a las operaciones conjuntas en Guayaquil, Manta, Santa Rosa y Esmeraldas, as\u00ed como en otras zonas sensibles como Carchi, Orellana, Sucumb\u00edos, Loja y Los R\u00edos.<\/p>\n\n\n\n<p>Con este despliegue, el Ejecutivo busca contener la violencia, garantizar la seguridad ciudadana y recuperar la tranquilidad en las provincias m\u00e1s golpeadas por la criminalidad.<\/p>\n","protected":false},"excerpt":{"rendered":"<p>El Gobierno Nacional, bajo el liderazgo del presidente Daniel Noboa Azin y la coordinaci\u00f3n del ministro de Defensa, Gian Carlo Loffredo, anunci\u00f3 el despliegue de 2.000 militares adicionales hacia cuatro provincias consideradas estrat\u00e9gicas para la seguridad del pa\u00eds.<\/p>\n","protected":false},"author":14,"featured_media":50320,"comment_status":"open","ping_status":"open","sticky":false,"template":"","format":"standard","meta":{"footnotes":""},"categories":[19,1],"tags":[23],"class_list":["post-50318","post","type-post","status-publish","format-standard","has-post-thumbnail","hentry","category-portada-1","category-uncategorized","tag-ecuador"],"_links":{"self":[{"href":"https:\/\/elmercuriomanta.ec\/index.php\/wp-json\/wp\/v2\/posts\/50318","targetHints":{"allow":["GET"]}}],"collection":[{"href":"https:\/\/elmercuriomanta.ec\/index.php\/wp-json\/wp\/v2\/posts"}],"about":[{"href":"https:\/\/elmercuriomanta.ec\/index.php\/wp-json\/wp\/v2\/types\/post"}],"author":[{"embeddable":true,"href":"https:\/\/elmercuriomanta.ec\/index.php\/wp-json\/wp\/v2\/users\/14"}],"replies":[{"embeddable":true,"href":"https:\/\/elmercuriomanta.ec\/index.php\/wp-json\/wp\/v2\/comments?post=50318"}],"version-history":[{"count":3,"href":"https:\/\/elmercuriomanta.ec\/index.php\/wp-json\/wp\/v2\/posts\/50318\/revisions"}],"predecessor-version":[{"id":50321,"href":"https:\/\/elmercuriomanta.ec\/index.php\/wp-json\/wp\/v2\/posts\/50318\/revisions\/50321"}],"wp:featuredmedia":[{"embeddable":true,"href":"https:\/\/elmercuriomanta.ec\/index.php\/wp-json\/wp\/v2\/media\/50320"}],"wp:attachment":[{"href":"https:\/\/elmercuriomanta.ec\/index.php\/wp-json\/wp\/v2\/media?parent=50318"}],"wp:term":[{"taxonomy":"category","embeddable":true,"href":"https:\/\/elmercuriomanta.ec\/index.php\/wp-json\/wp\/v2\/categories?post=50318"},{"taxonomy":"post_tag","embeddable":true,"href":"https:\/\/elmercuriomanta.ec\/index.php\/wp-json\/wp\/v2\/tags?post=50318"}],"curies":[{"name":"wp","href":"https:\/\/api.w.org\/{rel}","templated":true}]}}