{"id":49942,"date":"2025-08-12T15:18:40","date_gmt":"2025-08-12T20:18:40","guid":{"rendered":"https:\/\/elmercuriomanta.ec\/?p=49942"},"modified":"2025-08-12T15:18:40","modified_gmt":"2025-08-12T20:18:40","slug":"ministro-de-defensa-justifica-mostrar-rostros-de-los-jueces-de-la-corte-constitucional-tienen-que-darle-la-cara-al-pais","status":"publish","type":"post","link":"https:\/\/elmercuriomanta.ec\/index.php\/2025\/08\/12\/ministro-de-defensa-justifica-mostrar-rostros-de-los-jueces-de-la-corte-constitucional-tienen-que-darle-la-cara-al-pais\/","title":{"rendered":"Ministro de Defensa justifica\u00a0mostrar rostros de los jueces de la Corte Constitucional : \u201ctienen que darle la cara al pa\u00eds\u201d"},"content":{"rendered":"\n<figure class=\"wp-block-image aligncenter size-large is-resized\"><img fetchpriority=\"high\" decoding=\"async\" width=\"1024\" height=\"682\" src=\"https:\/\/elmercuriomanta.ec\/wp-content\/uploads\/2025\/08\/UYZLNAKITRA3PHEVMPRBO5UG4A-1024x682.avif\" alt=\"\" class=\"wp-image-49943\" style=\"width:414px;height:auto\" srcset=\"https:\/\/elmercuriomanta.ec\/wp-content\/uploads\/2025\/08\/UYZLNAKITRA3PHEVMPRBO5UG4A-1024x682.avif 1024w, https:\/\/elmercuriomanta.ec\/wp-content\/uploads\/2025\/08\/UYZLNAKITRA3PHEVMPRBO5UG4A-300x200.avif 300w, https:\/\/elmercuriomanta.ec\/wp-content\/uploads\/2025\/08\/UYZLNAKITRA3PHEVMPRBO5UG4A-768x512.avif 768w, https:\/\/elmercuriomanta.ec\/wp-content\/uploads\/2025\/08\/UYZLNAKITRA3PHEVMPRBO5UG4A.avif 1508w\" sizes=\"(max-width: 1024px) 100vw, 1024px\" \/><\/figure>\n\n\n\n<p>Que se hayan expuesto los rostros de los nueve jueces de la Corte Constitucional en pancartas ubicadas en la capital, en el contexto de la marcha convocada por el presidente Daniel Noboa, s\u00ed se justifica, asegur\u00f3 el ministro de Defensa, Gian Carlo Loffredo, quien particip\u00f3 en la caminata este martes. <\/p>\n\n\n\n<p>El funcionario dijo que los magistrados \u201ctienen que darle la cara al pa\u00eds\u201d.\u201cTienen que darle una explicaci\u00f3n al pa\u00eds de por qu\u00e9 est\u00e1n en contra de lo que el pueblo necesita y clama, como lo est\u00e1 demostrando hoy\u201d, dijo Loffredo antes de que se inicie la caminata este lunes, 12 de agosto del 2025.\u201cTienen que darle una explicaci\u00f3n al pa\u00eds de por qu\u00e9 est\u00e1n en contra de lo que el pueblo necesita y clama, como lo est\u00e1 demostrando hoy\u201d, dijo Loffredo antes de que se inicie la caminata.<\/p>\n\n\n\n<p>La marcha fue convocada por el presidente Daniel Noboa contra la Corte Constitucional en protesta por la suspensi\u00f3n parcial de varios art\u00edculos de sus leyes.<\/p>\n","protected":false},"excerpt":{"rendered":"<p>Que se hayan expuesto los rostros de los nueve jueces de la Corte Constitucional en pancartas ubicadas en la capital, en el contexto de la marcha convocada por el presidente Daniel Noboa, s\u00ed se justifica, asegur\u00f3 el ministro de Defensa, Gian Carlo Loffredo, quien particip\u00f3 en la caminata este martes. <\/p>\n","protected":false},"author":14,"featured_media":49943,"comment_status":"open","ping_status":"open","sticky":false,"template":"","format":"standard","meta":{"footnotes":""},"categories":[83,1],"tags":[23],"class_list":["post-49942","post","type-post","status-publish","format-standard","has-post-thumbnail","hentry","category-sucesos","category-uncategorized","tag-ecuador"],"_links":{"self":[{"href":"https:\/\/elmercuriomanta.ec\/index.php\/wp-json\/wp\/v2\/posts\/49942","targetHints":{"allow":["GET"]}}],"collection":[{"href":"https:\/\/elmercuriomanta.ec\/index.php\/wp-json\/wp\/v2\/posts"}],"about":[{"href":"https:\/\/elmercuriomanta.ec\/index.php\/wp-json\/wp\/v2\/types\/post"}],"author":[{"embeddable":true,"href":"https:\/\/elmercuriomanta.ec\/index.php\/wp-json\/wp\/v2\/users\/14"}],"replies":[{"embeddable":true,"href":"https:\/\/elmercuriomanta.ec\/index.php\/wp-json\/wp\/v2\/comments?post=49942"}],"version-history":[{"count":1,"href":"https:\/\/elmercuriomanta.ec\/index.php\/wp-json\/wp\/v2\/posts\/49942\/revisions"}],"predecessor-version":[{"id":49944,"href":"https:\/\/elmercuriomanta.ec\/index.php\/wp-json\/wp\/v2\/posts\/49942\/revisions\/49944"}],"wp:featuredmedia":[{"embeddable":true,"href":"https:\/\/elmercuriomanta.ec\/index.php\/wp-json\/wp\/v2\/media\/49943"}],"wp:attachment":[{"href":"https:\/\/elmercuriomanta.ec\/index.php\/wp-json\/wp\/v2\/media?parent=49942"}],"wp:term":[{"taxonomy":"category","embeddable":true,"href":"https:\/\/elmercuriomanta.ec\/index.php\/wp-json\/wp\/v2\/categories?post=49942"},{"taxonomy":"post_tag","embeddable":true,"href":"https:\/\/elmercuriomanta.ec\/index.php\/wp-json\/wp\/v2\/tags?post=49942"}],"curies":[{"name":"wp","href":"https:\/\/api.w.org\/{rel}","templated":true}]}}