{"id":49870,"date":"2025-08-11T10:19:51","date_gmt":"2025-08-11T15:19:51","guid":{"rendered":"https:\/\/elmercuriomanta.ec\/?p=49870"},"modified":"2025-08-11T10:19:51","modified_gmt":"2025-08-11T15:19:51","slug":"un-militar-fue-hallado-sin-vida-al-interior-de-su-habitacion-en-la-base-aerea-de-manta","status":"publish","type":"post","link":"https:\/\/elmercuriomanta.ec\/index.php\/2025\/08\/11\/un-militar-fue-hallado-sin-vida-al-interior-de-su-habitacion-en-la-base-aerea-de-manta\/","title":{"rendered":"Un Militar fue Hallado Sin Vida al Interior de su Habitaci\u00f3n en la Base A\u00e9rea de Manta"},"content":{"rendered":"\n<figure class=\"wp-block-image aligncenter size-full is-resized\"><img fetchpriority=\"high\" decoding=\"async\" width=\"756\" height=\"549\" src=\"https:\/\/elmercuriomanta.ec\/wp-content\/uploads\/2025\/08\/image-117.png\" alt=\"\" class=\"wp-image-49871\" style=\"width:441px;height:auto\" srcset=\"https:\/\/elmercuriomanta.ec\/wp-content\/uploads\/2025\/08\/image-117.png 756w, https:\/\/elmercuriomanta.ec\/wp-content\/uploads\/2025\/08\/image-117-300x218.png 300w\" sizes=\"(max-width: 756px) 100vw, 756px\" \/><\/figure>\n\n\n\n<p>Diego Alexis Jarr\u00edn, un teniente de la Fuerza A\u00e9rea Ecuatoriana, fue hallado sin vida al interior de la Base Militar de Manta, en Manab\u00ed, inform\u00f3 la entidad castrense este domingo 10 de agosto del 2025. Se conoce que el uniformado estaba involucrado en un siniestro de tr\u00e1nsito en que falleci\u00f3 la teniente Vanesa Coronel, horas antes. El cuerpo de Jarr\u00edn se encontr\u00f3 dentro de una habitaci\u00f3n en el destacamento militar, cerca de su arma de dotaci\u00f3n y cartuchos, la noche del s\u00e1bado 9 de agosto, confirm\u00f3 la entidad castrense en un comunicado.<\/p>\n\n\n\n<p>Las autoridades presumen que el oficial se suicid\u00f3. Sin embargo, se realizan las investigaciones para determinar cu\u00e1les fueron las causas de la muerte. Seg\u00fan la autopsia, Jarr\u00f3n, de 27 a\u00f1os, muri\u00f3 por un disparo en la cabeza. Se conoce que horas antes, un accidente de tr\u00e1nsito acab\u00f3 con la vida de Vanesa Coronel, tambi\u00e9n oficial de la FAE, cuando circulaba por v\u00eda El Aromo-Redondel del Colorado, en Manta, cerca de los terrenos donde se levantar\u00eda la Refiner\u00eda del Pac\u00edfico. Jarr\u00edn habr\u00eda estado junto a Coronel al momento del siniestro. La FAE emiti\u00f3 un comunicado de condolencias por las muertes de sus oficiales, pero no confirm\u00f3 si ambos hechos estar\u00edan conectados.<\/p>\n","protected":false},"excerpt":{"rendered":"<p>Diego Alexis Jarr\u00edn, un teniente de la Fuerza A\u00e9rea Ecuatoriana, fue hallado sin vida al interior de la Base Militar de Manta, en Manab\u00ed, inform\u00f3 la entidad castrense este domingo 10 de agosto del 2025. Se conoce que el uniformado estaba involucrado en un siniestro de tr\u00e1nsito en que falleci\u00f3 la teniente Vanesa Coronel, horas antes. El cuerpo de Jarr\u00edn se encontr\u00f3 dentro de una habitaci\u00f3n en el destacamento militar, cerca de su arma de dotaci\u00f3n y cartuchos, la noche del s\u00e1bado 9 de agosto, confirm\u00f3 la entidad castrense en un comunicado.<\/p>\n<p>Las autoridades presumen que el oficial se suicid\u00f3. Sin embargo, se realizan las investigaciones para determinar cu\u00e1les fueron las causas de la muerte. Seg\u00fan la autopsia, Jarr\u00f3n, de 27 a\u00f1os, muri\u00f3 por un disparo en la cabeza. Se conoce que horas antes, un accidente de tr\u00e1nsito acab\u00f3 con la vida de Vanesa Coronel, tambi\u00e9n oficial de la FAE, cuando circulaba por v\u00eda El Aromo-Redondel del Colorado, en Manta, cerca de los terrenos donde se levantar\u00eda la Refiner\u00eda del Pac\u00edfico. Jarr\u00edn habr\u00eda estado junto a Coronel al momento del siniestro. La FAE emiti\u00f3 un comunicado de condolencias por las muertes de sus oficiales, pero no confirm\u00f3 si ambos hechos estar\u00edan conectados.<\/p>\n","protected":false},"author":12,"featured_media":49871,"comment_status":"open","ping_status":"open","sticky":false,"template":"","format":"standard","meta":{"footnotes":""},"categories":[1],"tags":[38],"class_list":["post-49870","post","type-post","status-publish","format-standard","has-post-thumbnail","hentry","category-uncategorized","tag-manta"],"_links":{"self":[{"href":"https:\/\/elmercuriomanta.ec\/index.php\/wp-json\/wp\/v2\/posts\/49870","targetHints":{"allow":["GET"]}}],"collection":[{"href":"https:\/\/elmercuriomanta.ec\/index.php\/wp-json\/wp\/v2\/posts"}],"about":[{"href":"https:\/\/elmercuriomanta.ec\/index.php\/wp-json\/wp\/v2\/types\/post"}],"author":[{"embeddable":true,"href":"https:\/\/elmercuriomanta.ec\/index.php\/wp-json\/wp\/v2\/users\/12"}],"replies":[{"embeddable":true,"href":"https:\/\/elmercuriomanta.ec\/index.php\/wp-json\/wp\/v2\/comments?post=49870"}],"version-history":[{"count":1,"href":"https:\/\/elmercuriomanta.ec\/index.php\/wp-json\/wp\/v2\/posts\/49870\/revisions"}],"predecessor-version":[{"id":49872,"href":"https:\/\/elmercuriomanta.ec\/index.php\/wp-json\/wp\/v2\/posts\/49870\/revisions\/49872"}],"wp:featuredmedia":[{"embeddable":true,"href":"https:\/\/elmercuriomanta.ec\/index.php\/wp-json\/wp\/v2\/media\/49871"}],"wp:attachment":[{"href":"https:\/\/elmercuriomanta.ec\/index.php\/wp-json\/wp\/v2\/media?parent=49870"}],"wp:term":[{"taxonomy":"category","embeddable":true,"href":"https:\/\/elmercuriomanta.ec\/index.php\/wp-json\/wp\/v2\/categories?post=49870"},{"taxonomy":"post_tag","embeddable":true,"href":"https:\/\/elmercuriomanta.ec\/index.php\/wp-json\/wp\/v2\/tags?post=49870"}],"curies":[{"name":"wp","href":"https:\/\/api.w.org\/{rel}","templated":true}]}}