{"id":49842,"date":"2025-08-10T11:37:04","date_gmt":"2025-08-10T16:37:04","guid":{"rendered":"https:\/\/elmercuriomanta.ec\/?p=49842"},"modified":"2025-08-10T11:40:19","modified_gmt":"2025-08-10T16:40:19","slug":"cuarta-ronda-de-negociaciones-en-usa","status":"publish","type":"post","link":"https:\/\/elmercuriomanta.ec\/index.php\/2025\/08\/10\/cuarta-ronda-de-negociaciones-en-usa\/","title":{"rendered":"CUARTA RONDA DE NEGOCIACIONES EN USA"},"content":{"rendered":"\t\t<div data-elementor-type=\"wp-post\" data-elementor-id=\"49842\" class=\"elementor elementor-49842\" data-elementor-post-type=\"post\">\n\t\t\t\t<div data-particle_enable=\"false\" data-particle-mobile-disabled=\"false\" class=\"elementor-element elementor-element-8dabc1f e-flex e-con-boxed e-con e-parent\" data-id=\"8dabc1f\" data-element_type=\"container\" data-e-type=\"container\">\n\t\t\t\t\t<div class=\"e-con-inner\">\n\t\t<div data-particle_enable=\"false\" data-particle-mobile-disabled=\"false\" class=\"elementor-element elementor-element-5d795dd e-con-full e-flex e-con e-child\" data-id=\"5d795dd\" data-element_type=\"container\" data-e-type=\"container\">\n\t\t\t\t<div class=\"elementor-element elementor-element-e66214c elementor-position-top elementor-widget elementor-widget-image-box\" data-id=\"e66214c\" data-element_type=\"widget\" data-e-type=\"widget\" data-widget_type=\"image-box.default\">\n\t\t\t\t<div class=\"elementor-widget-container\">\n\t\t\t\t\t<div class=\"elementor-image-box-wrapper\"><figure class=\"elementor-image-box-img\"><img fetchpriority=\"high\" decoding=\"async\" width=\"858\" height=\"819\" src=\"https:\/\/elmercuriomanta.ec\/wp-content\/uploads\/2023\/06\/WhatsApp-Image-2023-06-11-at-09.49.02-1.jpeg\" class=\"attachment-full size-full wp-image-858\" alt=\"ARTICULO Dr. Juan Carlos Cassinelli Cali\" srcset=\"https:\/\/elmercuriomanta.ec\/wp-content\/uploads\/2023\/06\/WhatsApp-Image-2023-06-11-at-09.49.02-1.jpeg 858w, https:\/\/elmercuriomanta.ec\/wp-content\/uploads\/2023\/06\/WhatsApp-Image-2023-06-11-at-09.49.02-1-300x286.jpeg 300w, https:\/\/elmercuriomanta.ec\/wp-content\/uploads\/2023\/06\/WhatsApp-Image-2023-06-11-at-09.49.02-1-768x733.jpeg 768w\" sizes=\"(max-width: 858px) 100vw, 858px\" \/><\/figure><div class=\"elementor-image-box-content\"><h3 class=\"elementor-image-box-title\">Dr. Juan Carlos Cassinelli Cali<\/h3><p class=\"elementor-image-box-description\">Ex Ministro de Comercio Exterior, Doctor en Jurisprudencia, Director de Global Trade Consulting. Presidente del Comit\u00e9 de Comercio de Inversiones amcham GYE <br>Twitter: @JCCassinelli juancarlos@cassinelliabogados.com<\/p><\/div><\/div>\t\t\t\t<\/div>\n\t\t\t\t<\/div>\n\t\t\t\t<\/div>\n\t\t<div data-particle_enable=\"false\" data-particle-mobile-disabled=\"false\" class=\"elementor-element elementor-element-c01ee8f e-con-full e-flex e-con e-child\" data-id=\"c01ee8f\" data-element_type=\"container\" data-e-type=\"container\">\n\t\t\t\t<div class=\"elementor-element elementor-element-b110a1f elementor-widget elementor-widget-text-editor\" data-id=\"b110a1f\" data-element_type=\"widget\" data-e-type=\"widget\" data-widget_type=\"text-editor.default\">\n\t\t\t\t<div class=\"elementor-widget-container\">\n\t\t\t\t\t\t\t\t\t<p>Hace unos meses, Ecuador amaneci\u00f3 con la noticia alarmante de que Estados Unidos le hab\u00eda aplicado aranceles rec\u00edprocos del 10 % a todos los productos de m\u00e1s de un centenar de pa\u00edses entre los que est\u00e1 el Ecuador. Es decir, un valor adicional a cualquier monto arancelario que tuvieran o no los productos de la canasta de exportaci\u00f3n hacia ese destino. Inmediatamente desde el Ministerio de Producci\u00f3n comenzaron a hacerse los preparativos para participar en varias rondas de negociaci\u00f3n para buscar eliminar esta sobretasa arancelaria. Durante este tiempo el objetivo ha sido demostrar con hechos que ese arancel disminu\u00eda la competitividad, encarec\u00eda nuestros productos y afectaba inclusive plazas de trabajo. Estados Unidos indic\u00f3 que hasta el 1\u00b0 de agosto evaluar\u00eda pa\u00eds por pa\u00eds si manten\u00eda o revisaba la medida. En el caso de Ecuador, no solo no se redujo o elimin\u00f3 el arancel rec\u00edproco del 10 %, sino que ahora enfrentamos un nuevo arancel del 15 % sobre todos nuestros productos. Esta medida entr\u00f3 en vigor el 7 de agosto y nos afecta directamente a nosotros, as\u00ed como a varios pa\u00edses de la regi\u00f3n: Bolivia, Venezuela, Costa Rica, Guyana. Mientras tanto, competidores comerciales como Colombia o Per\u00fa se mantienen en un arancel del 10 %. Esto implica una p\u00e9rdida de competitividad. Por ejemplo, pa\u00edses centroamericanos como Guatemala o El Salvador que exportan banano \u2014uno de nuestros principales productos junto con el camar\u00f3n\u2014 enfrentar\u00e1n una tasa arancelaria 5 % menor que la nuestra. Esta situaci\u00f3n genera m\u00e1xima alarma, especialmente en plena etapa de negociaci\u00f3n. Esperamos que este proceso permita, al menos, que el arancel vuelva al 10 % y equipararnos a nuestros competidores regionales, o que se negocien facilidades comerciales que mejoren nuestra competitividad hacia ese mercado tan importante del norte. Mientras tanto, los productores est\u00e1n preocupados. El banano representa aproximadamente 600 millones de d\u00f3lares anuales en exportaciones hacia Estados Unidos, y el camar\u00f3n ronda los 1,300 millones. Confiamos en que una gesti\u00f3n oportuna y exitosa permita no solo mantener esos valores, sino superarlos. Les deseamos lo mejor al equipo negociador y esperamos que esta cuarta ronda nos deje en una posici\u00f3n m\u00e1s favorable que la actual.<\/p>\t\t\t\t\t\t\t\t<\/div>\n\t\t\t\t<\/div>\n\t\t\t\t<\/div>\n\t\t\t\t\t<\/div>\n\t\t\t\t<\/div>\n\t\t\t\t<\/div>\n\t\t","protected":false},"excerpt":{"rendered":"<p>Hace unos meses, Ecuador amaneci\u00f3 con la noticia alarmante de que Estados Unidos le hab\u00eda aplicado aranceles rec\u00edprocos del 10 % a todos los productos de m\u00e1s de un centenar de pa\u00edses entre los que est\u00e1 el Ecuador. Es decir, un valor adicional a cualquier monto arancelario que tuvieran o no los productos de la canasta de exportaci\u00f3n hacia ese destino.<\/p>\n","protected":false},"author":1,"featured_media":858,"comment_status":"open","ping_status":"open","sticky":false,"template":"","format":"standard","meta":{"footnotes":""},"categories":[77],"tags":[],"class_list":["post-49842","post","type-post","status-publish","format-standard","has-post-thumbnail","hentry","category-opinion"],"_links":{"self":[{"href":"https:\/\/elmercuriomanta.ec\/index.php\/wp-json\/wp\/v2\/posts\/49842","targetHints":{"allow":["GET"]}}],"collection":[{"href":"https:\/\/elmercuriomanta.ec\/index.php\/wp-json\/wp\/v2\/posts"}],"about":[{"href":"https:\/\/elmercuriomanta.ec\/index.php\/wp-json\/wp\/v2\/types\/post"}],"author":[{"embeddable":true,"href":"https:\/\/elmercuriomanta.ec\/index.php\/wp-json\/wp\/v2\/users\/1"}],"replies":[{"embeddable":true,"href":"https:\/\/elmercuriomanta.ec\/index.php\/wp-json\/wp\/v2\/comments?post=49842"}],"version-history":[{"count":4,"href":"https:\/\/elmercuriomanta.ec\/index.php\/wp-json\/wp\/v2\/posts\/49842\/revisions"}],"predecessor-version":[{"id":49846,"href":"https:\/\/elmercuriomanta.ec\/index.php\/wp-json\/wp\/v2\/posts\/49842\/revisions\/49846"}],"wp:featuredmedia":[{"embeddable":true,"href":"https:\/\/elmercuriomanta.ec\/index.php\/wp-json\/wp\/v2\/media\/858"}],"wp:attachment":[{"href":"https:\/\/elmercuriomanta.ec\/index.php\/wp-json\/wp\/v2\/media?parent=49842"}],"wp:term":[{"taxonomy":"category","embeddable":true,"href":"https:\/\/elmercuriomanta.ec\/index.php\/wp-json\/wp\/v2\/categories?post=49842"},{"taxonomy":"post_tag","embeddable":true,"href":"https:\/\/elmercuriomanta.ec\/index.php\/wp-json\/wp\/v2\/tags?post=49842"}],"curies":[{"name":"wp","href":"https:\/\/api.w.org\/{rel}","templated":true}]}}