{"id":49805,"date":"2025-08-09T10:35:22","date_gmt":"2025-08-09T15:35:22","guid":{"rendered":"https:\/\/elmercuriomanta.ec\/?p=49805"},"modified":"2025-08-09T10:35:22","modified_gmt":"2025-08-09T15:35:22","slug":"en-las-terminales-de-quito-cuenca-y-guayaquil-se-espera-la-llegada-de-516-mil-viajeros","status":"publish","type":"post","link":"https:\/\/elmercuriomanta.ec\/index.php\/2025\/08\/09\/en-las-terminales-de-quito-cuenca-y-guayaquil-se-espera-la-llegada-de-516-mil-viajeros\/","title":{"rendered":"En las terminales de Quito, Cuenca y Guayaquil se espera la llegada de 516 mil viajeros"},"content":{"rendered":"\n<figure class=\"wp-block-image aligncenter size-large is-resized\"><img fetchpriority=\"high\" decoding=\"async\" width=\"1024\" height=\"383\" src=\"https:\/\/elmercuriomanta.ec\/wp-content\/uploads\/2025\/08\/image-103-1024x383.png\" alt=\"\" class=\"wp-image-49806\" style=\"width:571px;height:auto\" srcset=\"https:\/\/elmercuriomanta.ec\/wp-content\/uploads\/2025\/08\/image-103-1024x383.png 1024w, https:\/\/elmercuriomanta.ec\/wp-content\/uploads\/2025\/08\/image-103-300x112.png 300w, https:\/\/elmercuriomanta.ec\/wp-content\/uploads\/2025\/08\/image-103-768x288.png 768w, https:\/\/elmercuriomanta.ec\/wp-content\/uploads\/2025\/08\/image-103.png 1170w\" sizes=\"(max-width: 1024px) 100vw, 1024px\" \/><\/figure>\n\n\n\n<p>Este viernes 8 de agosto de 2025 comenz\u00f3 la llegada de turistas a las terminales terrestres de Guayaquil, Quito y Cuenca, las tres ciudades m\u00e1s pobladas del Ecuador. La expectativa es de recibir 516 mil viajeros durante los tres d\u00edas de asueto, tan solo desde Guayaquil se movilizar\u00e1n 230 mil. Se ha previsto 3 600 frecuencias diarias y hasta el momento los destinos preferidos por los viajeros son Playas, Cuenca y Manta.<\/p>\n\n\n\n<p>La terminal de Guayaquil atender\u00e1 las 24 horas y la de Pascuales desde 05:00 hasta las 21:00. En Quito, se espera a 249 mil pasajeros en las terminales de Carcel\u00e9n, Quitumbe y las macroregionales de La Mar\u00edn, R\u00edo Coca y La Ofelia. Los viajeros han comprado m\u00e1s boletos para Santo Domingo y Carchi. Se han coordinado patrullajes con la polic\u00eda y brigadas informativas. Este viernes, la Terminal de Cuenca aument\u00f3 el movimiento de turistas pasado el mediod\u00eda. Esta dependencia trabajar\u00e1 las 24 horas y la previsi\u00f3n es que se movilicen unas 37 mil personas, principalmente desde y hacia Guayaquil.<\/p>\n","protected":false},"excerpt":{"rendered":"<p>Este viernes 8 de agosto de 2025 comenz\u00f3 la llegada de turistas a las terminales terrestres de Guayaquil, Quito y Cuenca, las tres ciudades m\u00e1s pobladas del Ecuador. La expectativa es de recibir 516 mil viajeros durante los tres d\u00edas de asueto, tan solo desde Guayaquil se movilizar\u00e1n 230 mil. Se ha previsto 3 600 frecuencias diarias y hasta el momento los destinos preferidos por los viajeros son Playas, Cuenca y Manta.<\/p>\n<p>La terminal de Guayaquil atender\u00e1 las 24 horas y la de Pascuales desde 05:00 hasta las 21:00. En Quito, se espera a 249 mil pasajeros en las terminales de Carcel\u00e9n, Quitumbe y las macroregionales de La Mar\u00edn, R\u00edo Coca y La Ofelia. Los viajeros han comprado m\u00e1s boletos para Santo Domingo y Carchi. Se han coordinado patrullajes con la polic\u00eda y brigadas informativas. Este viernes, la Terminal de Cuenca aument\u00f3 el movimiento de turistas pasado el mediod\u00eda. Esta dependencia trabajar\u00e1 las 24 horas y la previsi\u00f3n es que se movilicen unas 37 mil personas, principalmente desde y hacia Guayaquil.<\/p>\n","protected":false},"author":12,"featured_media":49806,"comment_status":"open","ping_status":"open","sticky":false,"template":"","format":"standard","meta":{"footnotes":""},"categories":[1],"tags":[23],"class_list":["post-49805","post","type-post","status-publish","format-standard","has-post-thumbnail","hentry","category-uncategorized","tag-ecuador"],"_links":{"self":[{"href":"https:\/\/elmercuriomanta.ec\/index.php\/wp-json\/wp\/v2\/posts\/49805","targetHints":{"allow":["GET"]}}],"collection":[{"href":"https:\/\/elmercuriomanta.ec\/index.php\/wp-json\/wp\/v2\/posts"}],"about":[{"href":"https:\/\/elmercuriomanta.ec\/index.php\/wp-json\/wp\/v2\/types\/post"}],"author":[{"embeddable":true,"href":"https:\/\/elmercuriomanta.ec\/index.php\/wp-json\/wp\/v2\/users\/12"}],"replies":[{"embeddable":true,"href":"https:\/\/elmercuriomanta.ec\/index.php\/wp-json\/wp\/v2\/comments?post=49805"}],"version-history":[{"count":1,"href":"https:\/\/elmercuriomanta.ec\/index.php\/wp-json\/wp\/v2\/posts\/49805\/revisions"}],"predecessor-version":[{"id":49807,"href":"https:\/\/elmercuriomanta.ec\/index.php\/wp-json\/wp\/v2\/posts\/49805\/revisions\/49807"}],"wp:featuredmedia":[{"embeddable":true,"href":"https:\/\/elmercuriomanta.ec\/index.php\/wp-json\/wp\/v2\/media\/49806"}],"wp:attachment":[{"href":"https:\/\/elmercuriomanta.ec\/index.php\/wp-json\/wp\/v2\/media?parent=49805"}],"wp:term":[{"taxonomy":"category","embeddable":true,"href":"https:\/\/elmercuriomanta.ec\/index.php\/wp-json\/wp\/v2\/categories?post=49805"},{"taxonomy":"post_tag","embeddable":true,"href":"https:\/\/elmercuriomanta.ec\/index.php\/wp-json\/wp\/v2\/tags?post=49805"}],"curies":[{"name":"wp","href":"https:\/\/api.w.org\/{rel}","templated":true}]}}