{"id":49789,"date":"2025-08-09T09:24:17","date_gmt":"2025-08-09T14:24:17","guid":{"rendered":"https:\/\/elmercuriomanta.ec\/?p=49789"},"modified":"2025-08-09T09:24:17","modified_gmt":"2025-08-09T14:24:17","slug":"el-lanzamiento-del-codigo-qr-de-la-cultura-mantena-en-el-museo-de-historia-de-nueva-york-es-el-22-de-septiembre","status":"publish","type":"post","link":"https:\/\/elmercuriomanta.ec\/index.php\/2025\/08\/09\/el-lanzamiento-del-codigo-qr-de-la-cultura-mantena-en-el-museo-de-historia-de-nueva-york-es-el-22-de-septiembre\/","title":{"rendered":"El lanzamiento del C\u00f3digo QR de la Cultura Mante\u00f1a en el Museo de Historia de Nueva York es el 22 de septiembre"},"content":{"rendered":"\n<figure class=\"wp-block-image aligncenter size-large is-resized\"><img fetchpriority=\"high\" decoding=\"async\" width=\"822\" height=\"1024\" src=\"https:\/\/elmercuriomanta.ec\/wp-content\/uploads\/2025\/08\/image-98-822x1024.png\" alt=\"\" class=\"wp-image-49791\" style=\"width:309px;height:auto\" srcset=\"https:\/\/elmercuriomanta.ec\/wp-content\/uploads\/2025\/08\/image-98-822x1024.png 822w, https:\/\/elmercuriomanta.ec\/wp-content\/uploads\/2025\/08\/image-98-241x300.png 241w, https:\/\/elmercuriomanta.ec\/wp-content\/uploads\/2025\/08\/image-98-768x957.png 768w, https:\/\/elmercuriomanta.ec\/wp-content\/uploads\/2025\/08\/image-98.png 828w\" sizes=\"(max-width: 822px) 100vw, 822px\" \/><\/figure>\n\n\n\n<p><\/p>\n\n\n\n<figure class=\"wp-block-image aligncenter size-full is-resized\"><img decoding=\"async\" width=\"828\" height=\"533\" src=\"https:\/\/elmercuriomanta.ec\/wp-content\/uploads\/2025\/08\/image-97.png\" alt=\"\" class=\"wp-image-49790\" style=\"width:493px;height:auto\" srcset=\"https:\/\/elmercuriomanta.ec\/wp-content\/uploads\/2025\/08\/image-97.png 828w, https:\/\/elmercuriomanta.ec\/wp-content\/uploads\/2025\/08\/image-97-300x193.png 300w, https:\/\/elmercuriomanta.ec\/wp-content\/uploads\/2025\/08\/image-97-768x494.png 768w\" sizes=\"(max-width: 828px) 100vw, 828px\" \/><\/figure>\n\n\n\n<p>El American Museum of Natural History (AMNH, por sus siglas en ingl\u00e9s) confirm\u00f3 esta semana el lanzamiento del QR sobre la Cultura Mante\u00f1a, un hito sin precedentes para una exhibici\u00f3n arqueol\u00f3gica de Ecuador, ya que se la podr\u00e1 visualizar entre los m\u00e1s de cinco millones de visitantes anuales que tiene el museo neoyorquino. Un equipo de especialistas del AMNH mantuvo reuniones de trabajo -el martes 17 de junio y el jueves 31 de julio- con los representantes del Comit\u00e9 C\u00edvico de la Memoria Hist\u00f3rica de Manta (CCMHM) en donde se deline\u00f3 el programa que se fij\u00f3 para el d\u00eda lunes 22 de septiembre que coincide con el D\u00eda del Equinoccio PEl evento pautado para septiembre es el segundo que realiza el AMNH en coordinaci\u00f3n con el CCMHM con el que la comisi\u00f3n organizadora del evento en Nueva York, mantuvo una reuni\u00f3n virtual el domingo 3 de agosto en el que se hizo conocer el programa a desarrollarse.<\/p>\n\n\n\n<p>En agosto del a\u00f1o pasado, en oportunidad de las celebraciones de la Independencia de Ecuador se realiz\u00f3 un acto especial en el que se destac\u00f3 la ancestralidad y en particular, se reconoci\u00f3 a la Silla Mante\u00f1a, el elemento arqueol\u00f3gico m\u00e1s relevante de esta cultura. Entre tanto se conoce que desde Manta est\u00e1 previsto que asista una nutrida delegaci\u00f3n de invitados, representantes de la academia, de las c\u00e1maras de comercio y producci\u00f3n, de los medios de comunicaci\u00f3n, gestores culturales y dem\u00e1s personalidades.<\/p>\n\n\n\n<p>\u201cSin duda es un hecho de suma relevancia para Manta y el pa\u00eds. El Museo de Historia Natural de Nueva York, es uno de los m\u00e1s reconocidos del mundo y la ponderaci\u00f3n que est\u00e1 haciendo de la Cultura Mante\u00f1a, debemos asumirla como un acto de alta significaci\u00f3n hist\u00f3rica\u201d, coment\u00f3 el doctor Medardo Mora Sol\u00f3rzano, rector fundador de la Universidad Laica \u2018Eloy Alfaro\u2019 de Manab\u00ed, uno de los invitados al evento. El AMNH tiene previsto inaugurar en los pr\u00f3ximos meses una ampliaci\u00f3n de la exhibici\u00f3n de las piezas que posee de la Cultura Mante\u00f1a. En la actualidad son exhibidas entre otras culturas de sudam\u00e9rica se ha logrado que tendr\u00e1 un lugar exclusivo e identificado de forma espec\u00edfica como CULTURA MANTE\u00d1A. El evento tendr\u00e1 lugar el lunes 22 de septiembre de 09h00 a 10h00 AM. En la Sala de los Pueblos de Sudam\u00e9rica, localizada en el segundo piso, el acceso es en la entrada que est\u00e1 en la calle 77, entre la avenida Central Park West y Columbus Avenue, las puertas abren a las 08h30.<\/p>\n\n\n\n<p><\/p>\n","protected":false},"excerpt":{"rendered":"<p>El American Museum of Natural History (AMNH, por sus siglas en ingl\u00e9s) confirm\u00f3 esta semana el lanzamiento del QR sobre la Cultura Mante\u00f1a, un hito sin precedentes para una exhibici\u00f3n arqueol\u00f3gica de Ecuador, ya que se la podr\u00e1 visualizar entre los m\u00e1s de cinco millones de visitantes anuales que tiene el museo neoyorquino. Un equipo de especialistas del AMNH mantuvo reuniones de trabajo -el martes 17 de junio y el jueves 31 de julio- con los representantes del Comit\u00e9 C\u00edvico de la Memoria Hist\u00f3rica de Manta (CCMHM) en donde se deline\u00f3 el programa que se fij\u00f3 para el d\u00eda lunes 22 de septiembre que coincide con el D\u00eda del Equinoccio PEl evento pautado para septiembre es el segundo que realiza el AMNH en coordinaci\u00f3n con el CCMHM con el que la comisi\u00f3n organizadora del evento en Nueva York, mantuvo una reuni\u00f3n virtual el domingo 3 de agosto en el que se hizo conocer el programa a desarrollarse.<\/p>\n<p>En agosto del a\u00f1o pasado, en oportunidad de las celebraciones de la Independencia de Ecuador se realiz\u00f3 un acto especial en el que se destac\u00f3 la ancestralidad y en particular, se reconoci\u00f3 a la Silla Mante\u00f1a, el elemento arqueol\u00f3gico m\u00e1s relevante de esta cultura. Entre tanto se conoce que desde Manta est\u00e1 previsto que asista una nutrida delegaci\u00f3n de invitados, representantes de la academia, de las c\u00e1maras de comercio y producci\u00f3n, de los medios de comunicaci\u00f3n, gestores culturales y dem\u00e1s personalidades.<\/p>\n<p>\u201cSin duda es un hecho de suma relevancia para Manta y el pa\u00eds. El Museo de Historia Natural de Nueva York, es uno de los m\u00e1s reconocidos del mundo y la ponderaci\u00f3n que est\u00e1 haciendo de la Cultura Mante\u00f1a, debemos asumirla como un acto de alta significaci\u00f3n hist\u00f3rica\u201d, coment\u00f3 el doctor Medardo Mora Sol\u00f3rzano, rector fundador de la Universidad Laica \u2018Eloy Alfaro\u2019 de Manab\u00ed, uno de los invitados al evento. El AMNH tiene previsto inaugurar en los pr\u00f3ximos meses una ampliaci\u00f3n de la exhibici\u00f3n de las piezas que posee de la Cultura Mante\u00f1a. En la actualidad son exhibidas entre otras culturas de sudam\u00e9rica se ha logrado que tendr\u00e1 un lugar exclusivo e identificado de forma espec\u00edfica como CULTURA MANTE\u00d1A. El evento tendr\u00e1 lugar el lunes 22 de septiembre de 09h00 a 10h00 AM. En la Sala de los Pueblos de Sudam\u00e9rica, localizada en el segundo piso, el acceso es en la entrada que est\u00e1 en la calle 77, entre la avenida Central Park West y Columbus Avenue, las puertas abren a las 08h30.<\/p>\n","protected":false},"author":12,"featured_media":49791,"comment_status":"open","ping_status":"open","sticky":false,"template":"","format":"standard","meta":{"footnotes":""},"categories":[1],"tags":[38],"class_list":["post-49789","post","type-post","status-publish","format-standard","has-post-thumbnail","hentry","category-uncategorized","tag-manta"],"_links":{"self":[{"href":"https:\/\/elmercuriomanta.ec\/index.php\/wp-json\/wp\/v2\/posts\/49789","targetHints":{"allow":["GET"]}}],"collection":[{"href":"https:\/\/elmercuriomanta.ec\/index.php\/wp-json\/wp\/v2\/posts"}],"about":[{"href":"https:\/\/elmercuriomanta.ec\/index.php\/wp-json\/wp\/v2\/types\/post"}],"author":[{"embeddable":true,"href":"https:\/\/elmercuriomanta.ec\/index.php\/wp-json\/wp\/v2\/users\/12"}],"replies":[{"embeddable":true,"href":"https:\/\/elmercuriomanta.ec\/index.php\/wp-json\/wp\/v2\/comments?post=49789"}],"version-history":[{"count":1,"href":"https:\/\/elmercuriomanta.ec\/index.php\/wp-json\/wp\/v2\/posts\/49789\/revisions"}],"predecessor-version":[{"id":49792,"href":"https:\/\/elmercuriomanta.ec\/index.php\/wp-json\/wp\/v2\/posts\/49789\/revisions\/49792"}],"wp:featuredmedia":[{"embeddable":true,"href":"https:\/\/elmercuriomanta.ec\/index.php\/wp-json\/wp\/v2\/media\/49791"}],"wp:attachment":[{"href":"https:\/\/elmercuriomanta.ec\/index.php\/wp-json\/wp\/v2\/media?parent=49789"}],"wp:term":[{"taxonomy":"category","embeddable":true,"href":"https:\/\/elmercuriomanta.ec\/index.php\/wp-json\/wp\/v2\/categories?post=49789"},{"taxonomy":"post_tag","embeddable":true,"href":"https:\/\/elmercuriomanta.ec\/index.php\/wp-json\/wp\/v2\/tags?post=49789"}],"curies":[{"name":"wp","href":"https:\/\/api.w.org\/{rel}","templated":true}]}}