{"id":49754,"date":"2025-08-08T15:09:37","date_gmt":"2025-08-08T20:09:37","guid":{"rendered":"https:\/\/elmercuriomanta.ec\/?p=49754"},"modified":"2025-08-08T15:15:19","modified_gmt":"2025-08-08T20:15:19","slug":"caen-seis-implicados-y-un-menor-tras-violento-asalto-en-manta","status":"publish","type":"post","link":"https:\/\/elmercuriomanta.ec\/index.php\/2025\/08\/08\/caen-seis-implicados-y-un-menor-tras-violento-asalto-en-manta\/","title":{"rendered":"Caen seis implicados y un menor tras violento asalto en Manta"},"content":{"rendered":"\n<figure class=\"wp-block-gallery has-nested-images columns-default is-cropped wp-block-gallery-1 is-layout-flex wp-block-gallery-is-layout-flex\">\n<figure class=\"wp-block-image size-large\"><img fetchpriority=\"high\" decoding=\"async\" width=\"1024\" height=\"768\" data-id=\"49759\" src=\"https:\/\/elmercuriomanta.ec\/wp-content\/uploads\/2025\/08\/WhatsApp-Image-2025-08-08-at-15.12.28-1-1024x768.jpeg\" alt=\"\" class=\"wp-image-49759\" srcset=\"https:\/\/elmercuriomanta.ec\/wp-content\/uploads\/2025\/08\/WhatsApp-Image-2025-08-08-at-15.12.28-1-1024x768.jpeg 1024w, https:\/\/elmercuriomanta.ec\/wp-content\/uploads\/2025\/08\/WhatsApp-Image-2025-08-08-at-15.12.28-1-300x225.jpeg 300w, https:\/\/elmercuriomanta.ec\/wp-content\/uploads\/2025\/08\/WhatsApp-Image-2025-08-08-at-15.12.28-1-768x576.jpeg 768w, https:\/\/elmercuriomanta.ec\/wp-content\/uploads\/2025\/08\/WhatsApp-Image-2025-08-08-at-15.12.28-1.jpeg 1280w\" sizes=\"(max-width: 1024px) 100vw, 1024px\" \/><\/figure>\n\n\n\n<figure class=\"wp-block-image size-large\"><img decoding=\"async\" width=\"698\" height=\"830\" data-id=\"49758\" src=\"https:\/\/elmercuriomanta.ec\/wp-content\/uploads\/2025\/08\/WhatsApp-Image-2025-08-08-at-15.13.13.jpeg\" alt=\"\" class=\"wp-image-49758\" srcset=\"https:\/\/elmercuriomanta.ec\/wp-content\/uploads\/2025\/08\/WhatsApp-Image-2025-08-08-at-15.13.13.jpeg 698w, https:\/\/elmercuriomanta.ec\/wp-content\/uploads\/2025\/08\/WhatsApp-Image-2025-08-08-at-15.13.13-252x300.jpeg 252w\" sizes=\"(max-width: 698px) 100vw, 698px\" \/><\/figure>\n<\/figure>\n\n\n\n<p>La Polic\u00eda Nacional del Ecuador, a trav\u00e9s del Distrito Manta, ejecut\u00f3 la madrugada del 8 de agosto un operativo que permiti\u00f3 la captura de seis personas y la retenci\u00f3n de un adolescente, presuntamente implicados en un robo ocurrido cerca del cementerio del circuito Murci\u00e9lago.<\/p>\n\n\n\n<p>El hecho se registr\u00f3 alrededor de las 02h00, cuando unidades policiales que realizaban patrullaje preventivo detectaron la novedad. Inmediatamente se activ\u00f3 el c\u00f3digo 03 y, tras una persecuci\u00f3n ininterrumpida, se logr\u00f3 interceptar el veh\u00edculo en el que hu\u00edan los sospechosos.<\/p>\n\n\n\n<p>Aprehendidos:<\/p>\n\n\n\n<ul class=\"wp-block-list\">\n<li>V\u00edctor Manuel Ch. L. (25 a\u00f1os) \u2013 antecedentes por tr\u00e1fico de sustancias y tenencia de armas.<\/li>\n\n\n\n<li>Nexar Alexander G. A. (20 a\u00f1os) \u2013 antecedentes por robo.<\/li>\n\n\n\n<li>\u00c1ngel Enrique C. M. (18 a\u00f1os).<\/li>\n\n\n\n<li>Dayanna Monserrate F. V. (20 a\u00f1os).<\/li>\n\n\n\n<li>Joselyn Libeth G. L. (20 a\u00f1os).<\/li>\n<\/ul>\n\n\n\n<p>Aislado:<\/p>\n\n\n\n<ul class=\"wp-block-list\">\n<li>C. B. P. H. (16 a\u00f1os), ecuatoriano.<\/li>\n<\/ul>\n\n\n\n<p>Indicios levantados:<\/p>\n\n\n\n<ul class=\"wp-block-list\">\n<li>1 arma de fuego tipo rev\u00f3lver marca Smith Wilson calibre .38, con una munici\u00f3n en rec\u00e1mara.<\/li>\n\n\n\n<li>10 tel\u00e9fonos celulares.<\/li>\n\n\n\n<li>1 veh\u00edculo ingresado para investigaciones.<\/li>\n<\/ul>\n\n\n\n<p>La Polic\u00eda reiter\u00f3 su compromiso de combatir el crimen organizado y mantener el orden en las calles de Manta, exhortando a la ciudadan\u00eda a denunciar cualquier acto delictivo de forma oportuna.<\/p>\n","protected":false},"excerpt":{"rendered":"<p>La Polic\u00eda Nacional del Ecuador, a trav\u00e9s del Distrito Manta, ejecut\u00f3 la madrugada del 8 de agosto un operativo que permiti\u00f3 la captura de seis personas y la retenci\u00f3n de un adolescente, presuntamente implicados en un robo ocurrido cerca del cementerio del circuito Murci\u00e9lago.<\/p>\n","protected":false},"author":14,"featured_media":49756,"comment_status":"open","ping_status":"open","sticky":false,"template":"","format":"standard","meta":{"footnotes":""},"categories":[16,1],"tags":[91],"class_list":["post-49754","post","type-post","status-publish","format-standard","has-post-thumbnail","hentry","category-cronica","category-uncategorized","tag-cronica"],"_links":{"self":[{"href":"https:\/\/elmercuriomanta.ec\/index.php\/wp-json\/wp\/v2\/posts\/49754","targetHints":{"allow":["GET"]}}],"collection":[{"href":"https:\/\/elmercuriomanta.ec\/index.php\/wp-json\/wp\/v2\/posts"}],"about":[{"href":"https:\/\/elmercuriomanta.ec\/index.php\/wp-json\/wp\/v2\/types\/post"}],"author":[{"embeddable":true,"href":"https:\/\/elmercuriomanta.ec\/index.php\/wp-json\/wp\/v2\/users\/14"}],"replies":[{"embeddable":true,"href":"https:\/\/elmercuriomanta.ec\/index.php\/wp-json\/wp\/v2\/comments?post=49754"}],"version-history":[{"count":3,"href":"https:\/\/elmercuriomanta.ec\/index.php\/wp-json\/wp\/v2\/posts\/49754\/revisions"}],"predecessor-version":[{"id":49757,"href":"https:\/\/elmercuriomanta.ec\/index.php\/wp-json\/wp\/v2\/posts\/49754\/revisions\/49757"}],"wp:featuredmedia":[{"embeddable":true,"href":"https:\/\/elmercuriomanta.ec\/index.php\/wp-json\/wp\/v2\/media\/49756"}],"wp:attachment":[{"href":"https:\/\/elmercuriomanta.ec\/index.php\/wp-json\/wp\/v2\/media?parent=49754"}],"wp:term":[{"taxonomy":"category","embeddable":true,"href":"https:\/\/elmercuriomanta.ec\/index.php\/wp-json\/wp\/v2\/categories?post=49754"},{"taxonomy":"post_tag","embeddable":true,"href":"https:\/\/elmercuriomanta.ec\/index.php\/wp-json\/wp\/v2\/tags?post=49754"}],"curies":[{"name":"wp","href":"https:\/\/api.w.org\/{rel}","templated":true}]}}