{"id":49429,"date":"2025-08-05T10:55:30","date_gmt":"2025-08-05T15:55:30","guid":{"rendered":"https:\/\/elmercuriomanta.ec\/?p=49429"},"modified":"2025-08-05T15:09:08","modified_gmt":"2025-08-05T20:09:08","slug":"49429","status":"publish","type":"post","link":"https:\/\/elmercuriomanta.ec\/index.php\/2025\/08\/05\/49429\/","title":{"rendered":"Sommerfeld confirma gira clave: Noboa se reunir\u00e1 con Lula, Orsi y Milei"},"content":{"rendered":"\n<figure class=\"wp-block-image aligncenter size-full is-resized\"><img fetchpriority=\"high\" decoding=\"async\" width=\"696\" height=\"464\" src=\"https:\/\/elmercuriomanta.ec\/wp-content\/uploads\/2025\/08\/image-46.png\" alt=\"\" class=\"wp-image-49433\" style=\"width:384px;height:auto\" srcset=\"https:\/\/elmercuriomanta.ec\/wp-content\/uploads\/2025\/08\/image-46.png 696w, https:\/\/elmercuriomanta.ec\/wp-content\/uploads\/2025\/08\/image-46-300x200.png 300w\" sizes=\"(max-width: 696px) 100vw, 696px\" \/><\/figure>\n\n\n\n<p>La canciller Gabriela Sommerfeld confirm\u00f3 este lunes que Ecuador alista una gira oficial por tres pa\u00edses de Sudam\u00e9rica con el objetivo de fortalecer la cooperaci\u00f3n bilateral, especialmente en temas de seguridad.<\/p>\n\n\n\n<p>\u201cTrabajamos para una reuni\u00f3n con el presidente Lula y Noboa. Esta reuni\u00f3n se ha concretado. Estaremos saliendo el 17 (de agosto). Tendremos una agenda en Brasilia. Luego pasamos a Uruguay, con el presidente Orsi. Buscamos consolidar un acuerdo de cooperaci\u00f3n tanto con Brasil y Uruguay. Luego tendremos una visita con el presidente Milei (Argentina)\u201d, detall\u00f3 Sommerfeld ante medios de comunicaci\u00f3n.<\/p>\n\n\n\n<p>La jefa de la diplomacia ecuatoriana explic\u00f3 que, en el caso de Argentina, la agenda con el presidente Javier Milei incluye temas m\u00e1s amplios y avanzados, especialmente en el \u00e1mbito de seguridad.<\/p>\n\n\n\n<p><strong>\u00bfImpasse con Colombia?<\/strong><\/p>\n\n\n\n<p>Durante su intervenci\u00f3n, Sommerfeld tambi\u00e9n fue consultada sobre el malestar expresado por el Gobierno colombiano tras la deportaci\u00f3n de presos de ese pa\u00eds desde Ecuador, proceso que \u2014seg\u00fan Bogot\u00e1\u2014 se habr\u00eda realizado de manera unilateral.<\/p>\n\n\n\n<p>\u201cNo lo llamar\u00eda un impasse. El di\u00e1logo con Colombia es abierto. Mantenemos una relaci\u00f3n estrecha y un contacto permanente\u201d, aclar\u00f3 la funcionaria.<\/p>\n\n\n\n<p>Adem\u00e1s, adelant\u00f3 que en los pr\u00f3ximos d\u00edas se reunir\u00e1 con su hom\u00f3loga colombiana para abordar esta y otras cuestiones bilaterales.<\/p>\n\n\n\n<p>La canciller Gabriela Sommerfeld confirm\u00f3 que el presidente viajar\u00e1 a Jap\u00f3n a finales de agosto. \u00bfObjetivo? Reunirse con el primer ministro nip\u00f3n para tratar un convenio bilateral de comercio.<\/p>\n\n\n\n<p>\u00a0<\/p>\n","protected":false},"excerpt":{"rendered":"<p>La canciller Gabriela Sommerfeld confirm\u00f3 este lunes que Ecuador alista una gira oficial por tres pa\u00edses de Sudam\u00e9rica con el objetivo de fortalecer la cooperaci\u00f3n bilateral, especialmente en temas de seguridad.<\/p>\n","protected":false},"author":14,"featured_media":49433,"comment_status":"open","ping_status":"open","sticky":false,"template":"","format":"standard","meta":{"footnotes":""},"categories":[19,20,1],"tags":[23],"class_list":["post-49429","post","type-post","status-publish","format-standard","has-post-thumbnail","hentry","category-portada-1","category-portada-2","category-uncategorized","tag-ecuador"],"_links":{"self":[{"href":"https:\/\/elmercuriomanta.ec\/index.php\/wp-json\/wp\/v2\/posts\/49429","targetHints":{"allow":["GET"]}}],"collection":[{"href":"https:\/\/elmercuriomanta.ec\/index.php\/wp-json\/wp\/v2\/posts"}],"about":[{"href":"https:\/\/elmercuriomanta.ec\/index.php\/wp-json\/wp\/v2\/types\/post"}],"author":[{"embeddable":true,"href":"https:\/\/elmercuriomanta.ec\/index.php\/wp-json\/wp\/v2\/users\/14"}],"replies":[{"embeddable":true,"href":"https:\/\/elmercuriomanta.ec\/index.php\/wp-json\/wp\/v2\/comments?post=49429"}],"version-history":[{"count":5,"href":"https:\/\/elmercuriomanta.ec\/index.php\/wp-json\/wp\/v2\/posts\/49429\/revisions"}],"predecessor-version":[{"id":49469,"href":"https:\/\/elmercuriomanta.ec\/index.php\/wp-json\/wp\/v2\/posts\/49429\/revisions\/49469"}],"wp:featuredmedia":[{"embeddable":true,"href":"https:\/\/elmercuriomanta.ec\/index.php\/wp-json\/wp\/v2\/media\/49433"}],"wp:attachment":[{"href":"https:\/\/elmercuriomanta.ec\/index.php\/wp-json\/wp\/v2\/media?parent=49429"}],"wp:term":[{"taxonomy":"category","embeddable":true,"href":"https:\/\/elmercuriomanta.ec\/index.php\/wp-json\/wp\/v2\/categories?post=49429"},{"taxonomy":"post_tag","embeddable":true,"href":"https:\/\/elmercuriomanta.ec\/index.php\/wp-json\/wp\/v2\/tags?post=49429"}],"curies":[{"name":"wp","href":"https:\/\/api.w.org\/{rel}","templated":true}]}}