{"id":49408,"date":"2025-08-05T10:13:30","date_gmt":"2025-08-05T15:13:30","guid":{"rendered":"https:\/\/elmercuriomanta.ec\/?p=49408"},"modified":"2025-08-05T10:14:55","modified_gmt":"2025-08-05T15:14:55","slug":"gigante-del-oceano-aparece-sin-vida-en-santa-marianita-conmocion-en-la-costa-manabita","status":"publish","type":"post","link":"https:\/\/elmercuriomanta.ec\/index.php\/2025\/08\/05\/gigante-del-oceano-aparece-sin-vida-en-santa-marianita-conmocion-en-la-costa-manabita\/","title":{"rendered":"Gigante del oc\u00e9ano aparece sin vida en Santa Marianita: conmoci\u00f3n en la costa manabita"},"content":{"rendered":"\n<figure class=\"wp-block-image aligncenter size-large is-resized\"><img fetchpriority=\"high\" decoding=\"async\" width=\"820\" height=\"1024\" src=\"https:\/\/elmercuriomanta.ec\/wp-content\/uploads\/2025\/08\/image-43-820x1024.png\" alt=\"\" class=\"wp-image-49410\" style=\"width:346px;height:auto\" srcset=\"https:\/\/elmercuriomanta.ec\/wp-content\/uploads\/2025\/08\/image-43-820x1024.png 820w, https:\/\/elmercuriomanta.ec\/wp-content\/uploads\/2025\/08\/image-43-240x300.png 240w, https:\/\/elmercuriomanta.ec\/wp-content\/uploads\/2025\/08\/image-43-768x959.png 768w, https:\/\/elmercuriomanta.ec\/wp-content\/uploads\/2025\/08\/image-43.png 900w\" sizes=\"(max-width: 820px) 100vw, 820px\" \/><\/figure>\n\n\n\n<p>Una ballena de aproximadamente 20 metros de largo fue encontrada sin vida la ma\u00f1ana de este martes 5 de agosto en la playa de Santa Marianita, en el cant\u00f3n Manta, provincia de Manab\u00ed.<\/p>\n\n\n\n<p>El enorme cet\u00e1ceo yac\u00eda sobre la arena, generando conmoci\u00f3n entre turistas y moradores que transitaban por el lugar. El Cuerpo de Bomberos de Manta acudi\u00f3 al sitio tras la alerta ciudadana para activar el protocolo de atenci\u00f3n ante varamientos de animales marinos.<\/p>\n\n\n\n<p>Las autoridades locales se\u00f1alaron que la prioridad es evitar impactos ambientales o riesgos sanitarios durante el proceso de descomposici\u00f3n del cuerpo. Por ello, se coordinan acciones con entidades ambientales para evaluar el estado del esp\u00e9cimen y proceder con su disposici\u00f3n final conforme a la normativa vigente.<\/p>\n\n\n\n<p>Aunque la causa del varamiento a\u00fan no ha sido determinada, expertos recuerdan que este tipo de eventos no son inusuales en la regi\u00f3n, especialmente durante la temporada migratoria de ballenas jorobadas por el Pac\u00edfico ecuatoriano.<\/p>\n","protected":false},"excerpt":{"rendered":"<p>Una ballena de aproximadamente 20 metros de largo fue encontrada sin vida la ma\u00f1ana de este martes 5 de agosto en la playa de Santa Marianita, en el cant\u00f3n Manta, provincia de Manab\u00ed.<\/p>\n","protected":false},"author":14,"featured_media":49410,"comment_status":"open","ping_status":"open","sticky":false,"template":"","format":"standard","meta":{"footnotes":""},"categories":[20,83,1],"tags":[38],"class_list":["post-49408","post","type-post","status-publish","format-standard","has-post-thumbnail","hentry","category-portada-2","category-sucesos","category-uncategorized","tag-manta"],"_links":{"self":[{"href":"https:\/\/elmercuriomanta.ec\/index.php\/wp-json\/wp\/v2\/posts\/49408","targetHints":{"allow":["GET"]}}],"collection":[{"href":"https:\/\/elmercuriomanta.ec\/index.php\/wp-json\/wp\/v2\/posts"}],"about":[{"href":"https:\/\/elmercuriomanta.ec\/index.php\/wp-json\/wp\/v2\/types\/post"}],"author":[{"embeddable":true,"href":"https:\/\/elmercuriomanta.ec\/index.php\/wp-json\/wp\/v2\/users\/14"}],"replies":[{"embeddable":true,"href":"https:\/\/elmercuriomanta.ec\/index.php\/wp-json\/wp\/v2\/comments?post=49408"}],"version-history":[{"count":2,"href":"https:\/\/elmercuriomanta.ec\/index.php\/wp-json\/wp\/v2\/posts\/49408\/revisions"}],"predecessor-version":[{"id":49412,"href":"https:\/\/elmercuriomanta.ec\/index.php\/wp-json\/wp\/v2\/posts\/49408\/revisions\/49412"}],"wp:featuredmedia":[{"embeddable":true,"href":"https:\/\/elmercuriomanta.ec\/index.php\/wp-json\/wp\/v2\/media\/49410"}],"wp:attachment":[{"href":"https:\/\/elmercuriomanta.ec\/index.php\/wp-json\/wp\/v2\/media?parent=49408"}],"wp:term":[{"taxonomy":"category","embeddable":true,"href":"https:\/\/elmercuriomanta.ec\/index.php\/wp-json\/wp\/v2\/categories?post=49408"},{"taxonomy":"post_tag","embeddable":true,"href":"https:\/\/elmercuriomanta.ec\/index.php\/wp-json\/wp\/v2\/tags?post=49408"}],"curies":[{"name":"wp","href":"https:\/\/api.w.org\/{rel}","templated":true}]}}