{"id":49386,"date":"2025-08-04T17:27:55","date_gmt":"2025-08-04T22:27:55","guid":{"rendered":"https:\/\/elmercuriomanta.ec\/?p=49386"},"modified":"2025-08-04T17:33:24","modified_gmt":"2025-08-04T22:33:24","slug":"lo-hallaron-sin-vida-junto-a-la-via-joven-fue-acribillado-en-jipijapa","status":"publish","type":"post","link":"https:\/\/elmercuriomanta.ec\/index.php\/2025\/08\/04\/lo-hallaron-sin-vida-junto-a-la-via-joven-fue-acribillado-en-jipijapa\/","title":{"rendered":"Lo hallaron sin vida junto a la v\u00eda: Joven fue acribillado en Jipijapa"},"content":{"rendered":"\n<figure class=\"wp-block-image aligncenter size-large is-resized\"><img fetchpriority=\"high\" decoding=\"async\" width=\"819\" height=\"1024\" src=\"https:\/\/elmercuriomanta.ec\/wp-content\/uploads\/2025\/08\/WhatsApp-Image-2025-08-04-at-17.31.32-819x1024.jpeg\" alt=\"\" class=\"wp-image-49388\" style=\"width:175px;height:auto\" srcset=\"https:\/\/elmercuriomanta.ec\/wp-content\/uploads\/2025\/08\/WhatsApp-Image-2025-08-04-at-17.31.32-819x1024.jpeg 819w, https:\/\/elmercuriomanta.ec\/wp-content\/uploads\/2025\/08\/WhatsApp-Image-2025-08-04-at-17.31.32-240x300.jpeg 240w, https:\/\/elmercuriomanta.ec\/wp-content\/uploads\/2025\/08\/WhatsApp-Image-2025-08-04-at-17.31.32-768x960.jpeg 768w, https:\/\/elmercuriomanta.ec\/wp-content\/uploads\/2025\/08\/WhatsApp-Image-2025-08-04-at-17.31.32-1229x1536.jpeg 1229w, https:\/\/elmercuriomanta.ec\/wp-content\/uploads\/2025\/08\/WhatsApp-Image-2025-08-04-at-17.31.32.jpeg 1280w\" sizes=\"(max-width: 819px) 100vw, 819px\" \/><\/figure>\n\n\n\n<p>La tarde de este lunes 4 de agosto, a un costado de la v\u00eda Jipijapa\u2013Noboa, en la provincia de Manab\u00ed, fue encontrado el cuerpo sin vida de un hombre que presentaba m\u00faltiples heridas provocadas por proyectiles de arma de fuego.<\/p>\n\n\n\n<p>Ante la alerta recibida a trav\u00e9s del ECU 911, unidades de Criminal\u00edstica y Dinased de la Polic\u00eda Nacional se trasladaron al sitio para iniciar las investigaciones preliminares.<\/p>\n\n\n\n<p>Tras culminar con los procedimientos correspondientes, el cuerpo fue identificado como Jhon David Ponce Vite, de aproximadamente 31 a\u00f1os. Fue trasladado por medicina legal al centro forense de Manta, donde se le practicar\u00e1 la autopsia respectiva.<\/p>\n","protected":false},"excerpt":{"rendered":"<p>La tarde de este lunes 4 de agosto, a un costado de la v\u00eda Jipijapa\u2013Noboa, en la provincia de Manab\u00ed, fue encontrado el cuerpo sin vida de un hombre que presentaba m\u00faltiples heridas provocadas por proyectiles de arma de fuego.<\/p>\n","protected":false},"author":14,"featured_media":49388,"comment_status":"open","ping_status":"open","sticky":false,"template":"","format":"standard","meta":{"footnotes":""},"categories":[16,1],"tags":[91],"class_list":["post-49386","post","type-post","status-publish","format-standard","has-post-thumbnail","hentry","category-cronica","category-uncategorized","tag-cronica"],"_links":{"self":[{"href":"https:\/\/elmercuriomanta.ec\/index.php\/wp-json\/wp\/v2\/posts\/49386","targetHints":{"allow":["GET"]}}],"collection":[{"href":"https:\/\/elmercuriomanta.ec\/index.php\/wp-json\/wp\/v2\/posts"}],"about":[{"href":"https:\/\/elmercuriomanta.ec\/index.php\/wp-json\/wp\/v2\/types\/post"}],"author":[{"embeddable":true,"href":"https:\/\/elmercuriomanta.ec\/index.php\/wp-json\/wp\/v2\/users\/14"}],"replies":[{"embeddable":true,"href":"https:\/\/elmercuriomanta.ec\/index.php\/wp-json\/wp\/v2\/comments?post=49386"}],"version-history":[{"count":3,"href":"https:\/\/elmercuriomanta.ec\/index.php\/wp-json\/wp\/v2\/posts\/49386\/revisions"}],"predecessor-version":[{"id":49390,"href":"https:\/\/elmercuriomanta.ec\/index.php\/wp-json\/wp\/v2\/posts\/49386\/revisions\/49390"}],"wp:featuredmedia":[{"embeddable":true,"href":"https:\/\/elmercuriomanta.ec\/index.php\/wp-json\/wp\/v2\/media\/49388"}],"wp:attachment":[{"href":"https:\/\/elmercuriomanta.ec\/index.php\/wp-json\/wp\/v2\/media?parent=49386"}],"wp:term":[{"taxonomy":"category","embeddable":true,"href":"https:\/\/elmercuriomanta.ec\/index.php\/wp-json\/wp\/v2\/categories?post=49386"},{"taxonomy":"post_tag","embeddable":true,"href":"https:\/\/elmercuriomanta.ec\/index.php\/wp-json\/wp\/v2\/tags?post=49386"}],"curies":[{"name":"wp","href":"https:\/\/api.w.org\/{rel}","templated":true}]}}