{"id":49256,"date":"2025-08-02T13:21:57","date_gmt":"2025-08-02T18:21:57","guid":{"rendered":"https:\/\/elmercuriomanta.ec\/?p=49256"},"modified":"2025-08-02T13:21:57","modified_gmt":"2025-08-02T18:21:57","slug":"suspenden-elecciones-de-la-casa-de-las-culturas-por-orden-judicial","status":"publish","type":"post","link":"https:\/\/elmercuriomanta.ec\/index.php\/2025\/08\/02\/suspenden-elecciones-de-la-casa-de-las-culturas-por-orden-judicial\/","title":{"rendered":"Suspenden Elecciones de la Casa de las Culturas por Orden Judicial"},"content":{"rendered":"\n<figure class=\"wp-block-image aligncenter size-full is-resized\"><img fetchpriority=\"high\" decoding=\"async\" width=\"650\" height=\"390\" src=\"https:\/\/elmercuriomanta.ec\/wp-content\/uploads\/2025\/08\/image-26.png\" alt=\"\" class=\"wp-image-49257\" style=\"width:459px;height:auto\" srcset=\"https:\/\/elmercuriomanta.ec\/wp-content\/uploads\/2025\/08\/image-26.png 650w, https:\/\/elmercuriomanta.ec\/wp-content\/uploads\/2025\/08\/image-26-300x180.png 300w\" sizes=\"(max-width: 650px) 100vw, 650px\" \/><\/figure>\n\n\n\n<p>La Sede Nacional de la Casa de las Culturas Ecuatoriana (CCE) Benjam\u00edn Carri\u00f3n inform\u00f3 la suspensi\u00f3n inmediata de su proceso electoral a nivel nacional, en cumplimiento de una disposici\u00f3n del juez Vallejo Naranjo Byron Andr\u00e9s, emitida como parte de una acci\u00f3n de protecci\u00f3n. La medida fue solicitada por Patricio Morales, luego de que su candidatura a la presidencia de la Sede Nacional fuera descalificada por incumplir requisitos del reglamento electoral.<\/p>\n\n\n\n<p>Seg\u00fan la resoluci\u00f3n judicial, queda suspendido el proceso para la elecci\u00f3n de presidente, director y vocales de n\u00facleos de la CCE, incluyendo la inscripci\u00f3n de candidatos, campa\u00f1as y votaciones, hasta que se resuelva la acci\u00f3n constitucional. Se orden\u00f3 a la Presidencia de la Sede Nacional y a la Comisi\u00f3n Nacional Electoral abstenerse de realizar cualquier actividad relacionada con los comicios mientras dure la medida. La CCE se\u00f1al\u00f3 que presentar\u00e1 su respuesta a la demanda y pedir\u00e1 que se revoquen las medidas cautelares.<\/p>\n","protected":false},"excerpt":{"rendered":"<p>La Sede Nacional de la Casa de las Culturas Ecuatoriana (CCE) Benjam\u00edn Carri\u00f3n inform\u00f3 la suspensi\u00f3n inmediata de su proceso electoral a nivel nacional, en cumplimiento de una disposici\u00f3n del juez Vallejo Naranjo Byron Andr\u00e9s, emitida como parte de una acci\u00f3n de protecci\u00f3n. La medida fue solicitada por Patricio Morales, luego de que su candidatura a la presidencia de la Sede Nacional fuera descalificada por incumplir requisitos del reglamento electoral.<\/p>\n<p>Seg\u00fan la resoluci\u00f3n judicial, queda suspendido el proceso para la elecci\u00f3n de presidente, director y vocales de n\u00facleos de la CCE, incluyendo la inscripci\u00f3n de candidatos, campa\u00f1as y votaciones, hasta que se resuelva la acci\u00f3n constitucional. Se orden\u00f3 a la Presidencia de la Sede Nacional y a la Comisi\u00f3n Nacional Electoral abstenerse de realizar cualquier actividad relacionada con los comicios mientras dure la medida. La CCE se\u00f1al\u00f3 que presentar\u00e1 su respuesta a la demanda y pedir\u00e1 que se revoquen las medidas cautelares.<\/p>\n","protected":false},"author":12,"featured_media":49257,"comment_status":"open","ping_status":"open","sticky":false,"template":"","format":"standard","meta":{"footnotes":""},"categories":[1],"tags":[29],"class_list":["post-49256","post","type-post","status-publish","format-standard","has-post-thumbnail","hentry","category-uncategorized","tag-manabi"],"_links":{"self":[{"href":"https:\/\/elmercuriomanta.ec\/index.php\/wp-json\/wp\/v2\/posts\/49256","targetHints":{"allow":["GET"]}}],"collection":[{"href":"https:\/\/elmercuriomanta.ec\/index.php\/wp-json\/wp\/v2\/posts"}],"about":[{"href":"https:\/\/elmercuriomanta.ec\/index.php\/wp-json\/wp\/v2\/types\/post"}],"author":[{"embeddable":true,"href":"https:\/\/elmercuriomanta.ec\/index.php\/wp-json\/wp\/v2\/users\/12"}],"replies":[{"embeddable":true,"href":"https:\/\/elmercuriomanta.ec\/index.php\/wp-json\/wp\/v2\/comments?post=49256"}],"version-history":[{"count":1,"href":"https:\/\/elmercuriomanta.ec\/index.php\/wp-json\/wp\/v2\/posts\/49256\/revisions"}],"predecessor-version":[{"id":49258,"href":"https:\/\/elmercuriomanta.ec\/index.php\/wp-json\/wp\/v2\/posts\/49256\/revisions\/49258"}],"wp:featuredmedia":[{"embeddable":true,"href":"https:\/\/elmercuriomanta.ec\/index.php\/wp-json\/wp\/v2\/media\/49257"}],"wp:attachment":[{"href":"https:\/\/elmercuriomanta.ec\/index.php\/wp-json\/wp\/v2\/media?parent=49256"}],"wp:term":[{"taxonomy":"category","embeddable":true,"href":"https:\/\/elmercuriomanta.ec\/index.php\/wp-json\/wp\/v2\/categories?post=49256"},{"taxonomy":"post_tag","embeddable":true,"href":"https:\/\/elmercuriomanta.ec\/index.php\/wp-json\/wp\/v2\/tags?post=49256"}],"curies":[{"name":"wp","href":"https:\/\/api.w.org\/{rel}","templated":true}]}}