{"id":49201,"date":"2025-08-01T16:05:00","date_gmt":"2025-08-01T21:05:00","guid":{"rendered":"https:\/\/elmercuriomanta.ec\/?p=49201"},"modified":"2025-08-01T16:21:20","modified_gmt":"2025-08-01T21:21:20","slug":"identifican-a-los-calcinados-de-vista-hermosa-asesinato-y-fuego","status":"publish","type":"post","link":"https:\/\/elmercuriomanta.ec\/index.php\/2025\/08\/01\/identifican-a-los-calcinados-de-vista-hermosa-asesinato-y-fuego\/","title":{"rendered":"Identifican a los calcinados de Vista Hermosa: \u00bfasesinato y fuego?"},"content":{"rendered":"\n<figure class=\"wp-block-image aligncenter size-large is-resized\"><img fetchpriority=\"high\" decoding=\"async\" width=\"692\" height=\"1024\" src=\"https:\/\/elmercuriomanta.ec\/wp-content\/uploads\/2025\/08\/526387668_1200651272103653_2586154076809610893_n-692x1024.jpg\" alt=\"\" class=\"wp-image-49206\" style=\"width:259px;height:auto\" srcset=\"https:\/\/elmercuriomanta.ec\/wp-content\/uploads\/2025\/08\/526387668_1200651272103653_2586154076809610893_n-692x1024.jpg 692w, https:\/\/elmercuriomanta.ec\/wp-content\/uploads\/2025\/08\/526387668_1200651272103653_2586154076809610893_n-203x300.jpg 203w, https:\/\/elmercuriomanta.ec\/wp-content\/uploads\/2025\/08\/526387668_1200651272103653_2586154076809610893_n-768x1137.jpg 768w, https:\/\/elmercuriomanta.ec\/wp-content\/uploads\/2025\/08\/526387668_1200651272103653_2586154076809610893_n.jpg 914w\" sizes=\"(max-width: 692px) 100vw, 692px\" \/><\/figure>\n\n\n\n<p>Los dos hombres que murieron calcinados dentro de una vivienda construida de ca\u00f1a guadua en el barrio Vista Hermosa, en Manta, ya fueron identificados. Se trata de Miguel \u00c1ngel Cede\u00f1o y Luber Castro.<\/p>\n\n\n\n<p>El tr\u00e1gico hecho se registr\u00f3 alrededor de las 23:00 del jueves 31 de julio. Personal del Cuerpo de Bomberos de Manta acudi\u00f3 a la emergencia para sofocar las llamas que consumieron en su totalidad la humilde vivienda. Al revisar los restos, los bomberos hallaron sobre los resortes de un colch\u00f3n quemado dos cuerpos totalmente calcinados.<\/p>\n\n\n\n<p>Agentes de la Polic\u00eda Nacional llegaron al lugar y se hicieron cargo de las investigaciones. Los cad\u00e1veres, irreconocibles debido al estado en que fueron encontrados, fueron trasladados al centro forense, donde se realizar\u00e1n las autopsias correspondientes para determinar las causas exactas de la muerte.<\/p>\n\n\n\n<p>Seg\u00fan testigos del sector, minutos antes del incendio se habr\u00edan escuchado varias detonaciones de arma de fuego, por lo que las autoridades investigan si las v\u00edctimas presentaban impactos de bala.<\/p>\n\n\n\n<p>Para que los familiares puedan retirar los cuerpos y darles sepultura, deber\u00e1n esperar los resultados de estudios antropol\u00f3gicos.<\/p>\n","protected":false},"excerpt":{"rendered":"<p>Los dos hombres que murieron calcinados dentro de una vivienda construida de ca\u00f1a guadua en el barrio Vista Hermosa, en Manta, ya fueron identificados. Se trata de Miguel \u00c1ngel Cede\u00f1o y Luber Castro.<\/p>\n","protected":false},"author":14,"featured_media":49206,"comment_status":"open","ping_status":"open","sticky":false,"template":"","format":"standard","meta":{"footnotes":""},"categories":[16,1],"tags":[91],"class_list":["post-49201","post","type-post","status-publish","format-standard","has-post-thumbnail","hentry","category-cronica","category-uncategorized","tag-cronica"],"_links":{"self":[{"href":"https:\/\/elmercuriomanta.ec\/index.php\/wp-json\/wp\/v2\/posts\/49201","targetHints":{"allow":["GET"]}}],"collection":[{"href":"https:\/\/elmercuriomanta.ec\/index.php\/wp-json\/wp\/v2\/posts"}],"about":[{"href":"https:\/\/elmercuriomanta.ec\/index.php\/wp-json\/wp\/v2\/types\/post"}],"author":[{"embeddable":true,"href":"https:\/\/elmercuriomanta.ec\/index.php\/wp-json\/wp\/v2\/users\/14"}],"replies":[{"embeddable":true,"href":"https:\/\/elmercuriomanta.ec\/index.php\/wp-json\/wp\/v2\/comments?post=49201"}],"version-history":[{"count":4,"href":"https:\/\/elmercuriomanta.ec\/index.php\/wp-json\/wp\/v2\/posts\/49201\/revisions"}],"predecessor-version":[{"id":49208,"href":"https:\/\/elmercuriomanta.ec\/index.php\/wp-json\/wp\/v2\/posts\/49201\/revisions\/49208"}],"wp:featuredmedia":[{"embeddable":true,"href":"https:\/\/elmercuriomanta.ec\/index.php\/wp-json\/wp\/v2\/media\/49206"}],"wp:attachment":[{"href":"https:\/\/elmercuriomanta.ec\/index.php\/wp-json\/wp\/v2\/media?parent=49201"}],"wp:term":[{"taxonomy":"category","embeddable":true,"href":"https:\/\/elmercuriomanta.ec\/index.php\/wp-json\/wp\/v2\/categories?post=49201"},{"taxonomy":"post_tag","embeddable":true,"href":"https:\/\/elmercuriomanta.ec\/index.php\/wp-json\/wp\/v2\/tags?post=49201"}],"curies":[{"name":"wp","href":"https:\/\/api.w.org\/{rel}","templated":true}]}}