{"id":4919,"date":"2023-09-01T09:39:04","date_gmt":"2023-09-01T14:39:04","guid":{"rendered":"https:\/\/elmercuriomanta.ec\/?p=4919"},"modified":"2023-09-01T09:39:04","modified_gmt":"2023-09-01T14:39:04","slug":"los-coches-bomba-el-simbolismo-de-los-narcos","status":"publish","type":"post","link":"https:\/\/elmercuriomanta.ec\/index.php\/2023\/09\/01\/los-coches-bomba-el-simbolismo-de-los-narcos\/","title":{"rendered":"Los coches bomba, el simbolismo de los narcos"},"content":{"rendered":"\n<figure class=\"wp-block-image aligncenter size-full\"><img fetchpriority=\"high\" decoding=\"async\" width=\"424\" height=\"191\" src=\"https:\/\/elmercuriomanta.ec\/wp-content\/uploads\/2023\/09\/image-1.png\" alt=\"\" class=\"wp-image-4920\" srcset=\"https:\/\/elmercuriomanta.ec\/wp-content\/uploads\/2023\/09\/image-1.png 424w, https:\/\/elmercuriomanta.ec\/wp-content\/uploads\/2023\/09\/image-1-300x135.png 300w\" sizes=\"(max-width: 424px) 100vw, 424px\" \/><\/figure>\n\n\n\n<p>La explosi\u00f3n de cuatro coches bomba en menos de cinco horas en Quito, Machala y Pasaje marca otro cap\u00edtulo en la espiral de violencia que atraviesa el pa\u00eds. Las detonaciones, que no dejaron v\u00edctimas, han sido calificadas por el ministro del Interior, Juan Zapata, como \u201cactos terroristas\u201d. Solo en la capital de la Rep\u00fablica, un auto y una camioneta que hab\u00edan sido robados detonaron en una zona comercial del centronorte de la urbe. Los delincuentes usaron combustible y dinamita para hacer estallar los veh\u00edculos, que adem\u00e1s estaban cargados con cilindros de gas.<\/p>\n\n\n\n<p>La explosi\u00f3n de la camioneta, ocurrida la madrugada de este jueves 31 de agosto, caus\u00f3 da\u00f1os en los exteriores del edificio del Servicio Nacional de Atenci\u00f3n Integral a Privados de Libertad (SNAI), el departamento estatal encargado del control y custodia de las c\u00e1rceles de Ecuador. La noche del mi\u00e9rcoles, en cambio, ocurri\u00f3 el primer atentado, que seg\u00fan testigos estuvo acompa\u00f1ado de tres explosiones. Si bien la Polic\u00eda Nacional afirm\u00f3 en un inicio que se trataba de un incendio en un veh\u00edculo, el general Pablo Ram\u00edrez detall\u00f3 m\u00e1s tarde que el hecho result\u00f3 ser un presunto atentado por los elementos explosivos que conten\u00eda.<\/p>\n\n\n\n<p>Por este primer caso seis personas fueron detenidas, entre ellas un colombiano. Ram\u00edrez indic\u00f3 que algunos de los aprehendidos registran antecedentes penales por delitos como extorsi\u00f3n, robo y asesinato y ahora se encuentran a la espera de pasar a disposici\u00f3n judicial, mientras la Fiscal\u00eda General del Estado (FGE) indic\u00f3 este jueves que ha dispuesto la pr\u00e1ctica de diligencias relacionadas al hecho.<\/p>\n\n\n\n<p>Detall\u00f3 que tres de los ellos hab\u00edan sido detenidos hace quince d\u00edas por el robo de un cami\u00f3n y por secuestros extorsivos en diferentes partes de la ciudad, pero que fueron puestos en libertad condicional por la Justicia. El general precis\u00f3 que los seis detenidos fueron capturados mientras se trasladaban en un veh\u00edculo que se encontraba reportado como robado. Atentados en El Oro En Pasaje, provincia de El Oro, otro coche bomba explot\u00f3 a las 22:50 en el puente de La Cocha. Del auto incinerado se sac\u00f3 un cilindro de gas. Casi 15 minutos despu\u00e9s, pero en Machala, se escuch\u00f3 el estruendo de otro coche bomba que hab\u00eda estallado en el puente de Bella India.<\/p>\n\n\n\n<p>Este carro tambi\u00e9n hab\u00eda sido robado y ten\u00eda dos bombonas de gas. Los coches bomba, escalada del crimen organizado en Ecuador Para analistas en seguridad, el uso de explosivos y coches bomba significan una escalada del crimen organizado en Ecuador. Con las detonaciones, las bandas criminales buscan demostrar mayor presencia en territorio, sembrar terror e intentan someter a la poblaci\u00f3n de una zona determinada. Un caso recordado en Ecuador es el ocurrido el 27 de enero de 2018 cuando un veh\u00edculo estall\u00f3 junto al cuartel policial de San Lorenzo, en Esmeraldas, que dej\u00f3 23 personas heridas y 37 casas resultaron da\u00f1adas.<\/p>\n\n\n\n<p>\u00c9ste fue el comienzo de una ola de cr\u00edmenes en la frontera con Colombia Coches bombas similares tambi\u00e9n se registraron a lo largo de 2022 en varias ocasiones en Guayaquil y Esmeraldas. El 25 de abril un veh\u00edculo estall\u00f3 frente a la c\u00e1rcel regional del Puerto Principal sin dejar personas heridas, pero s\u00ed da\u00f1os materiales. La explosi\u00f3n provoc\u00f3 que las puertas del automotor terminaran al otro lado de la v\u00eda a Daule, la carretera aleda\u00f1a al complejo carcelario.<\/p>\n\n\n\n<div class=\"wp-block-essential-blocks-social\"><div class=\"eb-parent-wrapper eb-parent-eb-social-links-8hgwzhn \"><div class=\"eb-social-links-8hgwzhn eb-social-links-wrapper\"><ul class=\"eb-socials\"><li><a class=\"facebook-f-original  \" href=\"\/\/www.facebook.com\/YoSoyElMercurio\/?locale=es_LA\" target=\"_blank\" rel=\"noopener\"><i class=\"hvr-icon eb-social-icon fab fa-facebook-f\"><\/i><\/a><\/li><li><a class=\"twitter-original  \" href=\"\/\/twitter.com\/elmercuriomanta\" target=\"_blank\" rel=\"noopener\"><i class=\"hvr-icon eb-social-icon fab fa-twitter\"><\/i><\/a><\/li><li><a class=\"instagram-original  \" href=\"\/\/www.instagram.com\/elmercuriomanta\/?hl=es\" target=\"_blank\" rel=\"noopener\"><i class=\"hvr-icon eb-social-icon fab fa-instagram\"><\/i><\/a><\/li><\/ul><\/div><\/div><\/div>\n","protected":false},"excerpt":{"rendered":"<p>La explosi\u00f3n de cuatro coches bomba en menos de cinco horas en Quito, Machala y Pasaje marca otro cap\u00edtulo en la espiral de violencia que atraviesa el pa\u00eds. Las detonaciones, que no dejaron v\u00edctimas, han sido calificadas por el ministro del Interior, Juan Zapata, como \u201cactos terroristas\u201d. Solo en la capital de la Rep\u00fablica, un auto y una camioneta que hab\u00edan sido robados detonaron en una zona comercial del centronorte de la urbe. Los delincuentes usaron combustible y dinamita para hacer estallar los veh\u00edculos, que adem\u00e1s estaban cargados con cilindros de gas.<\/p>\n","protected":false},"author":12,"featured_media":4920,"comment_status":"open","ping_status":"open","sticky":false,"template":"","format":"standard","meta":{"footnotes":""},"categories":[20],"tags":[],"class_list":["post-4919","post","type-post","status-publish","format-standard","has-post-thumbnail","hentry","category-portada-2"],"_links":{"self":[{"href":"https:\/\/elmercuriomanta.ec\/index.php\/wp-json\/wp\/v2\/posts\/4919","targetHints":{"allow":["GET"]}}],"collection":[{"href":"https:\/\/elmercuriomanta.ec\/index.php\/wp-json\/wp\/v2\/posts"}],"about":[{"href":"https:\/\/elmercuriomanta.ec\/index.php\/wp-json\/wp\/v2\/types\/post"}],"author":[{"embeddable":true,"href":"https:\/\/elmercuriomanta.ec\/index.php\/wp-json\/wp\/v2\/users\/12"}],"replies":[{"embeddable":true,"href":"https:\/\/elmercuriomanta.ec\/index.php\/wp-json\/wp\/v2\/comments?post=4919"}],"version-history":[{"count":1,"href":"https:\/\/elmercuriomanta.ec\/index.php\/wp-json\/wp\/v2\/posts\/4919\/revisions"}],"predecessor-version":[{"id":4921,"href":"https:\/\/elmercuriomanta.ec\/index.php\/wp-json\/wp\/v2\/posts\/4919\/revisions\/4921"}],"wp:featuredmedia":[{"embeddable":true,"href":"https:\/\/elmercuriomanta.ec\/index.php\/wp-json\/wp\/v2\/media\/4920"}],"wp:attachment":[{"href":"https:\/\/elmercuriomanta.ec\/index.php\/wp-json\/wp\/v2\/media?parent=4919"}],"wp:term":[{"taxonomy":"category","embeddable":true,"href":"https:\/\/elmercuriomanta.ec\/index.php\/wp-json\/wp\/v2\/categories?post=4919"},{"taxonomy":"post_tag","embeddable":true,"href":"https:\/\/elmercuriomanta.ec\/index.php\/wp-json\/wp\/v2\/tags?post=4919"}],"curies":[{"name":"wp","href":"https:\/\/api.w.org\/{rel}","templated":true}]}}