{"id":49174,"date":"2025-08-01T13:24:31","date_gmt":"2025-08-01T18:24:31","guid":{"rendered":"https:\/\/elmercuriomanta.ec\/?p=49174"},"modified":"2025-08-01T13:24:31","modified_gmt":"2025-08-01T18:24:31","slug":"uribe-contra-petro-la-batalla-legal-estalla","status":"publish","type":"post","link":"https:\/\/elmercuriomanta.ec\/index.php\/2025\/08\/01\/uribe-contra-petro-la-batalla-legal-estalla\/","title":{"rendered":"Uribe contra Petro : la batalla legal estalla"},"content":{"rendered":"\n<figure class=\"wp-block-image aligncenter size-full is-resized\"><img fetchpriority=\"high\" decoding=\"async\" width=\"992\" height=\"620\" src=\"https:\/\/elmercuriomanta.ec\/wp-content\/uploads\/2025\/08\/image-14.png\" alt=\"\" class=\"wp-image-49175\" style=\"width:294px;height:auto\" srcset=\"https:\/\/elmercuriomanta.ec\/wp-content\/uploads\/2025\/08\/image-14.png 992w, https:\/\/elmercuriomanta.ec\/wp-content\/uploads\/2025\/08\/image-14-300x188.png 300w, https:\/\/elmercuriomanta.ec\/wp-content\/uploads\/2025\/08\/image-14-768x480.png 768w\" sizes=\"(max-width: 992px) 100vw, 992px\" \/><\/figure>\n\n\n\n<p>La firma V\u00edctor Mosquera Mar\u00edn Abogados, apoderados del expresidente \u00c1lvaro uribe V\u00e9lez, present\u00f3 el 31 de julio de 2025 una denuncia penal contra el presidente Gustavo Petro ante la Comisi\u00f3n de Investigaci\u00f3n y Acusaci\u00f3n de la C\u00e1mara de Representantes, acus\u00e1ndolo de incurrir en hostigamiento y calumnia contra el exmandatario.<\/p>\n\n\n\n<p>La acci\u00f3n legal se fundamenta en una serie de mensajes publicados por el jefe de Estado el 28 y 29 de julio en su cuenta oficial de X,<strong>\u00a0donde cuenta con m\u00e1s de ocho millones de seguidores, en los cuales habr\u00eda vinculado a Uribe con homicidios, narcotr\u00e1fico, paramilitarismo y corrupci\u00f3n.<\/strong><\/p>\n\n\n\n<p>Seg\u00fan la denuncia, estas afirmaciones carecen de respaldo judicial y vulneran los derechos fundamentales a la honra, el buen nombre y la dignidad del exmandatario.<\/p>\n\n\n\n<p>Sobre el origen y el medio de las expresiones, la firma afirm\u00f3:\u201cEstas expresiones, proferidas desde la investidura presidencial y usando canales institucionales, no solo constituyen un atentado a la honra, el buen nombre y la dignidad personal y pol\u00edtica del Dr. \u00c1lvaro Uribe V\u00e9lez\u201d.<\/p>\n\n\n\n<p>En cuanto al efecto y la intenci\u00f3n detr\u00e1s de esas expresiones, a\u00f1adieron:\u201csino que adem\u00e1s configuran una conducta sistem\u00e1tica de estigmatizaci\u00f3n y hostigamiento pol\u00edtico, dirigida a deslegitimar a un l\u00edder pol\u00edtico de relevancia nacional y a quienes comparten su ideolog\u00eda.\u201d<\/p>\n\n\n\n<p>El abogado V\u00edctor Mosquera, apoderado de Uribe, sustent\u00f3 la denuncia en los art\u00edculos 134B y 221 del C\u00f3digo Penal, que tipifican los delitos de hostigamiento y calumnia.<\/p>\n","protected":false},"excerpt":{"rendered":"<p>Los Abogados del expresidente \u00c1lvaro Uribe V\u00e9lez, presentaron una denuncia penal contra el presidente Gustavo Petro ante la Comisi\u00f3n de Investigaci\u00f3n y Acusaci\u00f3n de la C\u00e1mara de Representantes, acus\u00e1ndolo de incurrir en hostigamiento y calumnia contra el exmandatario. <\/p>\n","protected":false},"author":14,"featured_media":49175,"comment_status":"open","ping_status":"open","sticky":false,"template":"","format":"standard","meta":{"footnotes":""},"categories":[8,1],"tags":[42],"class_list":["post-49174","post","type-post","status-publish","format-standard","has-post-thumbnail","hentry","category-internacional","category-uncategorized","tag-internacional"],"_links":{"self":[{"href":"https:\/\/elmercuriomanta.ec\/index.php\/wp-json\/wp\/v2\/posts\/49174","targetHints":{"allow":["GET"]}}],"collection":[{"href":"https:\/\/elmercuriomanta.ec\/index.php\/wp-json\/wp\/v2\/posts"}],"about":[{"href":"https:\/\/elmercuriomanta.ec\/index.php\/wp-json\/wp\/v2\/types\/post"}],"author":[{"embeddable":true,"href":"https:\/\/elmercuriomanta.ec\/index.php\/wp-json\/wp\/v2\/users\/14"}],"replies":[{"embeddable":true,"href":"https:\/\/elmercuriomanta.ec\/index.php\/wp-json\/wp\/v2\/comments?post=49174"}],"version-history":[{"count":1,"href":"https:\/\/elmercuriomanta.ec\/index.php\/wp-json\/wp\/v2\/posts\/49174\/revisions"}],"predecessor-version":[{"id":49184,"href":"https:\/\/elmercuriomanta.ec\/index.php\/wp-json\/wp\/v2\/posts\/49174\/revisions\/49184"}],"wp:featuredmedia":[{"embeddable":true,"href":"https:\/\/elmercuriomanta.ec\/index.php\/wp-json\/wp\/v2\/media\/49175"}],"wp:attachment":[{"href":"https:\/\/elmercuriomanta.ec\/index.php\/wp-json\/wp\/v2\/media?parent=49174"}],"wp:term":[{"taxonomy":"category","embeddable":true,"href":"https:\/\/elmercuriomanta.ec\/index.php\/wp-json\/wp\/v2\/categories?post=49174"},{"taxonomy":"post_tag","embeddable":true,"href":"https:\/\/elmercuriomanta.ec\/index.php\/wp-json\/wp\/v2\/tags?post=49174"}],"curies":[{"name":"wp","href":"https:\/\/api.w.org\/{rel}","templated":true}]}}