{"id":49106,"date":"2025-07-31T12:48:51","date_gmt":"2025-07-31T17:48:51","guid":{"rendered":"https:\/\/elmercuriomanta.ec\/?p=49106"},"modified":"2025-07-31T12:58:39","modified_gmt":"2025-07-31T17:58:39","slug":"ecuador-y-ee-uu-sellan-pacto-de-seguridad-oficiales-de-enlace-compartiran-informacion-clave","status":"publish","type":"post","link":"https:\/\/elmercuriomanta.ec\/index.php\/2025\/07\/31\/ecuador-y-ee-uu-sellan-pacto-de-seguridad-oficiales-de-enlace-compartiran-informacion-clave\/","title":{"rendered":"Ecuador y EE.\u202fUU. sellan pacto de seguridad: oficiales de enlace compartir\u00e1n informaci\u00f3n clave"},"content":{"rendered":"\n<figure class=\"wp-block-image aligncenter size-large is-resized\"><img fetchpriority=\"high\" decoding=\"async\" width=\"1024\" height=\"571\" src=\"https:\/\/elmercuriomanta.ec\/wp-content\/uploads\/2025\/07\/WhatsApp-Image-2025-07-31-at-12.57.44-1024x571.jpeg\" alt=\"\" class=\"wp-image-49109\" style=\"width:459px;height:auto\" srcset=\"https:\/\/elmercuriomanta.ec\/wp-content\/uploads\/2025\/07\/WhatsApp-Image-2025-07-31-at-12.57.44-1024x571.jpeg 1024w, https:\/\/elmercuriomanta.ec\/wp-content\/uploads\/2025\/07\/WhatsApp-Image-2025-07-31-at-12.57.44-300x167.jpeg 300w, https:\/\/elmercuriomanta.ec\/wp-content\/uploads\/2025\/07\/WhatsApp-Image-2025-07-31-at-12.57.44-768x428.jpeg 768w, https:\/\/elmercuriomanta.ec\/wp-content\/uploads\/2025\/07\/WhatsApp-Image-2025-07-31-at-12.57.44.jpeg 1170w\" sizes=\"(max-width: 1024px) 100vw, 1024px\" \/><\/figure>\n\n\n\n<p>El ministro del Interior, John Reimberg, confirm\u00f3 este mi\u00e9rcoles la firma de un acuerdo de cooperaci\u00f3n entre los gobiernos de Estados Unidos y Ecuador para reforzar la lucha contra el crimen organizado. Como parte de este convenio, se designar\u00e1n oficiales de enlace que permitir\u00e1n compartir informaci\u00f3n clave en materia de seguridad entre ambos pa\u00edses.<\/p>\n\n\n\n<p>El anuncio se realiz\u00f3 tras la reuni\u00f3n mantenida en Quito entre el presidente Daniel Noboa y la secretaria de Seguridad de EE.\u202fUU., Kristi Noem, quien arrib\u00f3 al pa\u00eds como parte de una agenda bilateral enfocada en fortalecer acciones conjuntas frente a delitos transnacionales.<\/p>\n","protected":false},"excerpt":{"rendered":"<p>El ministro del Interior, John Reimberg, confirm\u00f3 este mi\u00e9rcoles la firma de un acuerdo de cooperaci\u00f3n entre los gobiernos de Estados Unidos y Ecuador. Como parte de este convenio, se designar\u00e1n oficiales de enlace que permitir\u00e1n compartir informaci\u00f3n clave en materia de seguridad entre ambos pa\u00edses, tras la reuni\u00f3n mantenida en Quito entre el presidente Daniel Noboa y la secretaria de Seguridad de EE.\u202fUU., Kristi Noem. <\/p>\n","protected":false},"author":14,"featured_media":49109,"comment_status":"open","ping_status":"open","sticky":false,"template":"","format":"standard","meta":{"footnotes":""},"categories":[19,1],"tags":[23],"class_list":["post-49106","post","type-post","status-publish","format-standard","has-post-thumbnail","hentry","category-portada-1","category-uncategorized","tag-ecuador"],"_links":{"self":[{"href":"https:\/\/elmercuriomanta.ec\/index.php\/wp-json\/wp\/v2\/posts\/49106","targetHints":{"allow":["GET"]}}],"collection":[{"href":"https:\/\/elmercuriomanta.ec\/index.php\/wp-json\/wp\/v2\/posts"}],"about":[{"href":"https:\/\/elmercuriomanta.ec\/index.php\/wp-json\/wp\/v2\/types\/post"}],"author":[{"embeddable":true,"href":"https:\/\/elmercuriomanta.ec\/index.php\/wp-json\/wp\/v2\/users\/14"}],"replies":[{"embeddable":true,"href":"https:\/\/elmercuriomanta.ec\/index.php\/wp-json\/wp\/v2\/comments?post=49106"}],"version-history":[{"count":2,"href":"https:\/\/elmercuriomanta.ec\/index.php\/wp-json\/wp\/v2\/posts\/49106\/revisions"}],"predecessor-version":[{"id":49110,"href":"https:\/\/elmercuriomanta.ec\/index.php\/wp-json\/wp\/v2\/posts\/49106\/revisions\/49110"}],"wp:featuredmedia":[{"embeddable":true,"href":"https:\/\/elmercuriomanta.ec\/index.php\/wp-json\/wp\/v2\/media\/49109"}],"wp:attachment":[{"href":"https:\/\/elmercuriomanta.ec\/index.php\/wp-json\/wp\/v2\/media?parent=49106"}],"wp:term":[{"taxonomy":"category","embeddable":true,"href":"https:\/\/elmercuriomanta.ec\/index.php\/wp-json\/wp\/v2\/categories?post=49106"},{"taxonomy":"post_tag","embeddable":true,"href":"https:\/\/elmercuriomanta.ec\/index.php\/wp-json\/wp\/v2\/tags?post=49106"}],"curies":[{"name":"wp","href":"https:\/\/api.w.org\/{rel}","templated":true}]}}