{"id":49089,"date":"2025-07-31T10:08:04","date_gmt":"2025-07-31T15:08:04","guid":{"rendered":"https:\/\/elmercuriomanta.ec\/?p=49089"},"modified":"2025-07-31T10:08:04","modified_gmt":"2025-07-31T15:08:04","slug":"agencia-de-transito-de-manta-retoma-matriculacion-vehicular-bajo-control-policia-tras-intervencion","status":"publish","type":"post","link":"https:\/\/elmercuriomanta.ec\/index.php\/2025\/07\/31\/agencia-de-transito-de-manta-retoma-matriculacion-vehicular-bajo-control-policia-tras-intervencion\/","title":{"rendered":"Agencia de Tr\u00e1nsito de Manta retoma matriculaci\u00f3n vehicular bajo control policia tras intervenci\u00f3n"},"content":{"rendered":"\n<figure class=\"wp-block-image aligncenter size-full is-resized\"><img fetchpriority=\"high\" decoding=\"async\" width=\"1024\" height=\"683\" src=\"https:\/\/elmercuriomanta.ec\/wp-content\/uploads\/2025\/07\/image-336.png\" alt=\"\" class=\"wp-image-49090\" style=\"width:267px;height:auto\" srcset=\"https:\/\/elmercuriomanta.ec\/wp-content\/uploads\/2025\/07\/image-336.png 1024w, https:\/\/elmercuriomanta.ec\/wp-content\/uploads\/2025\/07\/image-336-300x200.png 300w, https:\/\/elmercuriomanta.ec\/wp-content\/uploads\/2025\/07\/image-336-768x512.png 768w\" sizes=\"(max-width: 1024px) 100vw, 1024px\" \/><\/figure>\n\n\n\n<p><br><\/p>\n\n\n\n<p>La ma\u00f1ana de este mi\u00e9rcoles, la Empresa P\u00fablica de Movilidad de Manta retom\u00f3 algunas de sus actividades luego de la intervenci\u00f3n que realiz\u00f3 la Polic\u00eda Nacional a sus oficinas.<\/p>\n\n\n\n<p><br>Mediante un comunicado la entidad detall\u00f3, que la matriculaci\u00f3n vehicular y revisi\u00f3n t\u00e9cnica se retomaron de forma progresiva, en un 30% de sus capacidades.<\/p>\n\n\n\n<p>La entrega de los turnos a los propietarios de veh\u00edculos con placas terminadas en 6 est\u00e1n priorizando. <\/p>\n\n\n\n<figure class=\"wp-block-embed\"><div class=\"wp-block-embed__wrapper\">\nhttps:\/\/twitter.com\/MantaAMT\/status\/1950359809921867847\n<\/div><\/figure>\n\n\n\n<p>Adem\u00e1s, indicaron que los servicios se extienden, a la atenci\u00f3n de pagos pendientes de rubros y tarifas con la Agencia Nacional de Tr\u00e1nsito (ANT).<\/p>\n\n\n\n<p><br>Carlos Alb\u00e1n, interventor de la Empresa de Movilidad de Manta, explic\u00f3 que el proceso de matriculaci\u00f3n vehicular se someti\u00f3 a una simplificaci\u00f3n de documentos, con la intenci\u00f3n de que el servicio sea eficiente.<\/p>\n\n\n\n<p>\u201cLa Polic\u00eda ahora est\u00e1 liderando todos los procesos para que la ciudadan\u00eda tenga las garant\u00edas de que los tr\u00e1mites se realizan con transparencia\u201c, afirm\u00f3 Alb\u00e1n.<\/p>\n\n\n\n<p>Por otra parte, adelant\u00f3 que la capacidad de la atenci\u00f3n en las oficinas de Manta se ir\u00e1 incrementando de a poco durante estos d\u00edas. \u201cIremos viendo como va el proceso, cada d\u00eda incrementaremos los cupos. Necesitamos verificar el funcionamiento\u201d, seg\u00fan el oficial de Polic\u00eda.<\/p>\n\n\n\n<p><br>Carlos Alb\u00e1n dijo que \u00abEstamos implementando operativos de seguridad para que los usuarios se sientan tranquilos y evidencien que ahora ya no corren riesgo de ataques y corrupci\u00f3n\u00bb.<\/p>\n\n\n\n<p>El funcionario tambi\u00e9n confirm\u00f3 que hubo acercamientos con gremios de transportistas para coordinar la entrega de turnos de forma ordenada.<\/p>\n\n\n\n<p><br><\/p>\n\n\n\n<p><br><br><\/p>\n\n\n\n<p><br><\/p>\n","protected":false},"excerpt":{"rendered":"<p>La ma\u00f1ana de este mi\u00e9rcoles, la Empresa P\u00fablica de Movilidad de Manta retom\u00f3 algunas de sus actividades luego de la intervenci\u00f3n que realiz\u00f3 la Polic\u00eda Nacional a sus oficinas.<\/p>\n","protected":false},"author":14,"featured_media":49090,"comment_status":"open","ping_status":"open","sticky":false,"template":"","format":"standard","meta":{"footnotes":""},"categories":[83,1],"tags":[38],"class_list":["post-49089","post","type-post","status-publish","format-standard","has-post-thumbnail","hentry","category-sucesos","category-uncategorized","tag-manta"],"_links":{"self":[{"href":"https:\/\/elmercuriomanta.ec\/index.php\/wp-json\/wp\/v2\/posts\/49089","targetHints":{"allow":["GET"]}}],"collection":[{"href":"https:\/\/elmercuriomanta.ec\/index.php\/wp-json\/wp\/v2\/posts"}],"about":[{"href":"https:\/\/elmercuriomanta.ec\/index.php\/wp-json\/wp\/v2\/types\/post"}],"author":[{"embeddable":true,"href":"https:\/\/elmercuriomanta.ec\/index.php\/wp-json\/wp\/v2\/users\/14"}],"replies":[{"embeddable":true,"href":"https:\/\/elmercuriomanta.ec\/index.php\/wp-json\/wp\/v2\/comments?post=49089"}],"version-history":[{"count":1,"href":"https:\/\/elmercuriomanta.ec\/index.php\/wp-json\/wp\/v2\/posts\/49089\/revisions"}],"predecessor-version":[{"id":49091,"href":"https:\/\/elmercuriomanta.ec\/index.php\/wp-json\/wp\/v2\/posts\/49089\/revisions\/49091"}],"wp:featuredmedia":[{"embeddable":true,"href":"https:\/\/elmercuriomanta.ec\/index.php\/wp-json\/wp\/v2\/media\/49090"}],"wp:attachment":[{"href":"https:\/\/elmercuriomanta.ec\/index.php\/wp-json\/wp\/v2\/media?parent=49089"}],"wp:term":[{"taxonomy":"category","embeddable":true,"href":"https:\/\/elmercuriomanta.ec\/index.php\/wp-json\/wp\/v2\/categories?post=49089"},{"taxonomy":"post_tag","embeddable":true,"href":"https:\/\/elmercuriomanta.ec\/index.php\/wp-json\/wp\/v2\/tags?post=49089"}],"curies":[{"name":"wp","href":"https:\/\/api.w.org\/{rel}","templated":true}]}}