{"id":49023,"date":"2025-07-30T10:14:09","date_gmt":"2025-07-30T15:14:09","guid":{"rendered":"https:\/\/elmercuriomanta.ec\/?p=49023"},"modified":"2025-07-30T10:24:56","modified_gmt":"2025-07-30T15:24:56","slug":"alerta-de-tsunami-paraliza-puerto-de-manta-maniobras-detenidas-y-evacuacion-total","status":"publish","type":"post","link":"https:\/\/elmercuriomanta.ec\/index.php\/2025\/07\/30\/alerta-de-tsunami-paraliza-puerto-de-manta-maniobras-detenidas-y-evacuacion-total\/","title":{"rendered":"Alerta de tsunami paraliza Puerto de Manta: maniobras detenidas y evacuaci\u00f3n total"},"content":{"rendered":"\n<figure class=\"wp-block-image aligncenter size-large is-resized\"><img fetchpriority=\"high\" decoding=\"async\" width=\"1024\" height=\"683\" src=\"https:\/\/elmercuriomanta.ec\/wp-content\/uploads\/2025\/07\/WhatsApp-Image-2025-07-30-at-10.22.38-1024x683.jpeg\" alt=\"\" class=\"wp-image-49030\" style=\"width:343px;height:auto\" srcset=\"https:\/\/elmercuriomanta.ec\/wp-content\/uploads\/2025\/07\/WhatsApp-Image-2025-07-30-at-10.22.38-1024x683.jpeg 1024w, https:\/\/elmercuriomanta.ec\/wp-content\/uploads\/2025\/07\/WhatsApp-Image-2025-07-30-at-10.22.38-300x200.jpeg 300w, https:\/\/elmercuriomanta.ec\/wp-content\/uploads\/2025\/07\/WhatsApp-Image-2025-07-30-at-10.22.38-768x512.jpeg 768w, https:\/\/elmercuriomanta.ec\/wp-content\/uploads\/2025\/07\/WhatsApp-Image-2025-07-30-at-10.22.38-1536x1024.jpeg 1536w, https:\/\/elmercuriomanta.ec\/wp-content\/uploads\/2025\/07\/WhatsApp-Image-2025-07-30-at-10.22.38-2048x1365.jpeg 2048w\" sizes=\"(max-width: 1024px) 100vw, 1024px\" \/><\/figure>\n\n\n\n<p>La Autoridad Portuaria de Manta anunci\u00f3 este mi\u00e9rcoles la suspensi\u00f3n total de las maniobras portuarias como medida preventiva ante la alerta de un posible tsunami que afecta la costa ecuatoriana.<\/p>\n\n\n\n<p>De acuerdo con el comunicado oficial, la decisi\u00f3n se adopt\u00f3 tras los reportes emitidos por la Secretar\u00eda Nacional de Gesti\u00f3n de Riesgos, el Instituto Oceanogr\u00e1fico y Ant\u00e1rtico de la Armada (INOCAR) y el Centro Nacional de Alerta de Tsunamis, entidades que monitorean las condiciones oce\u00e1nicas que podr\u00edan representar un riesgo para la poblaci\u00f3n y la infraestructura portuaria.<\/p>\n\n\n\n<figure class=\"wp-block-image aligncenter size-large is-resized\"><img decoding=\"async\" width=\"826\" height=\"1024\" src=\"https:\/\/elmercuriomanta.ec\/wp-content\/uploads\/2025\/07\/WhatsApp-Image-2025-07-30-at-10.07.15-1-826x1024.jpeg\" alt=\"\" class=\"wp-image-49033\" style=\"width:181px;height:auto\" srcset=\"https:\/\/elmercuriomanta.ec\/wp-content\/uploads\/2025\/07\/WhatsApp-Image-2025-07-30-at-10.07.15-1-826x1024.jpeg 826w, https:\/\/elmercuriomanta.ec\/wp-content\/uploads\/2025\/07\/WhatsApp-Image-2025-07-30-at-10.07.15-1-242x300.jpeg 242w, https:\/\/elmercuriomanta.ec\/wp-content\/uploads\/2025\/07\/WhatsApp-Image-2025-07-30-at-10.07.15-1-768x952.jpeg 768w, https:\/\/elmercuriomanta.ec\/wp-content\/uploads\/2025\/07\/WhatsApp-Image-2025-07-30-at-10.07.15-1.jpeg 1033w\" sizes=\"(max-width: 826px) 100vw, 826px\" \/><\/figure>\n\n\n\n<p>Entre las medidas dispuestas se incluyen la suspensi\u00f3n de toda maniobra en el puerto hasta nuevo aviso, la orden de salida y fondeo de las embarcaciones, la restricci\u00f3n del ingreso de nuevas naves y el traslado del personal de los muelles y del Malec\u00f3n Esc\u00e9nico a zonas seguras. Adem\u00e1s, se mantendr\u00e1 un control permanente mediante sistemas de videovigilancia.<\/p>\n\n\n\n<p>Las autoridades hicieron un llamado a la comunidad portuaria y a la ciudadan\u00eda a no generar p\u00e1nico, evitar compartir informaci\u00f3n no verificada y mantenerse informados \u00fanicamente a trav\u00e9s de canales y fuentes oficiales.<\/p>\n\n\n\n<p>El Puerto de Manta asegur\u00f3 que se encuentra en coordinaci\u00f3n constante con entidades de control y seguridad, y que se emitir\u00e1 informaci\u00f3n actualizada conforme evolucione la alerta, bajo los an\u00e1lisis t\u00e9cnicos de la Secretar\u00eda Nacional de Gesti\u00f3n de Riesgos.<\/p>\n\n\n\n<p><\/p>\n","protected":false},"excerpt":{"rendered":"<p>La Autoridad Portuaria de Manta anunci\u00f3 este mi\u00e9rcoles la suspensi\u00f3n total de las maniobras portuarias como medida preventiva ante la alerta de un posible tsunami que afecta la costa ecuatoriana.<\/p>\n","protected":false},"author":14,"featured_media":49033,"comment_status":"open","ping_status":"open","sticky":false,"template":"","format":"standard","meta":{"footnotes":""},"categories":[20,83,1],"tags":[23],"class_list":["post-49023","post","type-post","status-publish","format-standard","has-post-thumbnail","hentry","category-portada-2","category-sucesos","category-uncategorized","tag-ecuador"],"_links":{"self":[{"href":"https:\/\/elmercuriomanta.ec\/index.php\/wp-json\/wp\/v2\/posts\/49023","targetHints":{"allow":["GET"]}}],"collection":[{"href":"https:\/\/elmercuriomanta.ec\/index.php\/wp-json\/wp\/v2\/posts"}],"about":[{"href":"https:\/\/elmercuriomanta.ec\/index.php\/wp-json\/wp\/v2\/types\/post"}],"author":[{"embeddable":true,"href":"https:\/\/elmercuriomanta.ec\/index.php\/wp-json\/wp\/v2\/users\/14"}],"replies":[{"embeddable":true,"href":"https:\/\/elmercuriomanta.ec\/index.php\/wp-json\/wp\/v2\/comments?post=49023"}],"version-history":[{"count":3,"href":"https:\/\/elmercuriomanta.ec\/index.php\/wp-json\/wp\/v2\/posts\/49023\/revisions"}],"predecessor-version":[{"id":49034,"href":"https:\/\/elmercuriomanta.ec\/index.php\/wp-json\/wp\/v2\/posts\/49023\/revisions\/49034"}],"wp:featuredmedia":[{"embeddable":true,"href":"https:\/\/elmercuriomanta.ec\/index.php\/wp-json\/wp\/v2\/media\/49033"}],"wp:attachment":[{"href":"https:\/\/elmercuriomanta.ec\/index.php\/wp-json\/wp\/v2\/media?parent=49023"}],"wp:term":[{"taxonomy":"category","embeddable":true,"href":"https:\/\/elmercuriomanta.ec\/index.php\/wp-json\/wp\/v2\/categories?post=49023"},{"taxonomy":"post_tag","embeddable":true,"href":"https:\/\/elmercuriomanta.ec\/index.php\/wp-json\/wp\/v2\/tags?post=49023"}],"curies":[{"name":"wp","href":"https:\/\/api.w.org\/{rel}","templated":true}]}}