{"id":49019,"date":"2025-07-30T09:52:55","date_gmt":"2025-07-30T14:52:55","guid":{"rendered":"https:\/\/elmercuriomanta.ec\/?p=49019"},"modified":"2025-07-30T09:52:55","modified_gmt":"2025-07-30T14:52:55","slug":"manejaba-el-narco-en-quito-desde-la-prision-la-oscura-alianza-de-la-hermana-de-colon-pico","status":"publish","type":"post","link":"https:\/\/elmercuriomanta.ec\/index.php\/2025\/07\/30\/manejaba-el-narco-en-quito-desde-la-prision-la-oscura-alianza-de-la-hermana-de-colon-pico\/","title":{"rendered":"Manejaba el narco en Quito desde la prisi\u00f3n: La oscura alianza de la hermana de Col\u00f3n Pico"},"content":{"rendered":"\n<figure class=\"wp-block-image aligncenter size-full is-resized\"><img fetchpriority=\"high\" decoding=\"async\" width=\"832\" height=\"468\" src=\"https:\/\/elmercuriomanta.ec\/wp-content\/uploads\/2025\/07\/image-332.png\" alt=\"\" class=\"wp-image-49020\" style=\"width:328px;height:auto\" srcset=\"https:\/\/elmercuriomanta.ec\/wp-content\/uploads\/2025\/07\/image-332.png 832w, https:\/\/elmercuriomanta.ec\/wp-content\/uploads\/2025\/07\/image-332-300x169.png 300w, https:\/\/elmercuriomanta.ec\/wp-content\/uploads\/2025\/07\/image-332-768x432.png 768w\" sizes=\"(max-width: 832px) 100vw, 832px\" \/><\/figure>\n\n\n\n<p><br><\/p>\n\n\n\n<p>Tras la recaptur\u00f3 a Fabricio Col\u00f3n Pico, alias &#8216;Salvaje&#8217;. El cabecilla de Los Lobos se hab\u00eda escapado tres meses antes de la C\u00e1rcel de Riobamba y era buscado por planificar un atentado contra Diana Salazar, entonces fiscal General del Estado.<\/p>\n\n\n\n<p>Col\u00f3n Pico fue encontrado en una hacienda cacaotera de 22 hect\u00e1reas, en Puerto Quito, en el noroccidente de Pichincha. Adem\u00e1s de la recaptura por el caso relacionado con Salazar y otra causa por secuestro que ten\u00eda pendiente el cabecilla, la Fiscal\u00eda abri\u00f3 otro proceso por tr\u00e1fico de armas.<\/p>\n\n\n\n<p>Durante el operativo, los agentes policiales encontraron dos pistolas, un subfusil y cerca de 200 municiones. Junto a Col\u00f3n Pico fueron arrestadas y procesadas cuatro personas m\u00e1s. El 27 de mayo de 2025,&nbsp; los cinco fueron sentenciados a nueve a\u00f1os y cuatro meses de c\u00e1rcel.<\/p>\n\n\n\n<p>Una de las capturadas y sentenciadas en este proceso por tr\u00e1fico de armas es Ana Mar\u00eda Pico Su\u00e1rez, alias &#8216;Mary&#8217;, hermana de Fabricio Col\u00f3n Pico. Pero tras su arresto, la mujer fue vinculada a otro proceso por delincuencia organizada que se hab\u00eda iniciado meses antes.<br><\/p>\n\n\n\n<p><\/p>\n","protected":false},"excerpt":{"rendered":"<p>Tras la recaptur\u00f3 a Fabricio Col\u00f3n Pico, alias &#8216;Salvaje&#8217;. El cabecilla de Los Lobos se hab\u00eda escapado tres meses antes de la C\u00e1rcel de Riobamba y era buscado por planificar un atentado contra Diana Salazar, entonces fiscal General del Estado.<\/p>\n","protected":false},"author":14,"featured_media":49020,"comment_status":"open","ping_status":"open","sticky":false,"template":"","format":"standard","meta":{"footnotes":""},"categories":[16],"tags":[91],"class_list":["post-49019","post","type-post","status-publish","format-standard","has-post-thumbnail","hentry","category-cronica","tag-cronica"],"_links":{"self":[{"href":"https:\/\/elmercuriomanta.ec\/index.php\/wp-json\/wp\/v2\/posts\/49019","targetHints":{"allow":["GET"]}}],"collection":[{"href":"https:\/\/elmercuriomanta.ec\/index.php\/wp-json\/wp\/v2\/posts"}],"about":[{"href":"https:\/\/elmercuriomanta.ec\/index.php\/wp-json\/wp\/v2\/types\/post"}],"author":[{"embeddable":true,"href":"https:\/\/elmercuriomanta.ec\/index.php\/wp-json\/wp\/v2\/users\/14"}],"replies":[{"embeddable":true,"href":"https:\/\/elmercuriomanta.ec\/index.php\/wp-json\/wp\/v2\/comments?post=49019"}],"version-history":[{"count":1,"href":"https:\/\/elmercuriomanta.ec\/index.php\/wp-json\/wp\/v2\/posts\/49019\/revisions"}],"predecessor-version":[{"id":49021,"href":"https:\/\/elmercuriomanta.ec\/index.php\/wp-json\/wp\/v2\/posts\/49019\/revisions\/49021"}],"wp:featuredmedia":[{"embeddable":true,"href":"https:\/\/elmercuriomanta.ec\/index.php\/wp-json\/wp\/v2\/media\/49020"}],"wp:attachment":[{"href":"https:\/\/elmercuriomanta.ec\/index.php\/wp-json\/wp\/v2\/media?parent=49019"}],"wp:term":[{"taxonomy":"category","embeddable":true,"href":"https:\/\/elmercuriomanta.ec\/index.php\/wp-json\/wp\/v2\/categories?post=49019"},{"taxonomy":"post_tag","embeddable":true,"href":"https:\/\/elmercuriomanta.ec\/index.php\/wp-json\/wp\/v2\/tags?post=49019"}],"curies":[{"name":"wp","href":"https:\/\/api.w.org\/{rel}","templated":true}]}}