{"id":48913,"date":"2025-07-29T10:46:19","date_gmt":"2025-07-29T15:46:19","guid":{"rendered":"https:\/\/elmercuriomanta.ec\/?p=48913"},"modified":"2025-07-29T10:46:19","modified_gmt":"2025-07-29T15:46:19","slug":"mananas-frias-y-cielos-nublados-sorprenden-a-la-provincia-de-manabi","status":"publish","type":"post","link":"https:\/\/elmercuriomanta.ec\/index.php\/2025\/07\/29\/mananas-frias-y-cielos-nublados-sorprenden-a-la-provincia-de-manabi\/","title":{"rendered":"Ma\u00f1anas Fr\u00edas y Cielos Nublados Sorprenden a la Provincia de Manab\u00ed"},"content":{"rendered":"\n<figure class=\"wp-block-image aligncenter size-large is-resized\"><img fetchpriority=\"high\" decoding=\"async\" width=\"1024\" height=\"390\" src=\"https:\/\/elmercuriomanta.ec\/wp-content\/uploads\/2025\/07\/image-312-1024x390.png\" alt=\"\" class=\"wp-image-48917\" style=\"width:532px;height:auto\" srcset=\"https:\/\/elmercuriomanta.ec\/wp-content\/uploads\/2025\/07\/image-312-1024x390.png 1024w, https:\/\/elmercuriomanta.ec\/wp-content\/uploads\/2025\/07\/image-312-300x114.png 300w, https:\/\/elmercuriomanta.ec\/wp-content\/uploads\/2025\/07\/image-312-768x293.png 768w, https:\/\/elmercuriomanta.ec\/wp-content\/uploads\/2025\/07\/image-312-1536x586.png 1536w, https:\/\/elmercuriomanta.ec\/wp-content\/uploads\/2025\/07\/image-312.png 1553w\" sizes=\"(max-width: 1024px) 100vw, 1024px\" \/><\/figure>\n\n\n\n<p>En la provincia de Manab\u00ed , las ma\u00f1anas y noches han comenzado a sentirse m\u00e1s fr\u00edas de lo habitual, con un cielo bastante nublado y un ambiente h\u00famedo que invita a muchos a desempolvar sus cl\u00e1sicas colchas de tigre, esas famosas por ser pesadas, abrigadoras y perfectas para el clima andino. En Montecristi, por ejemplo, el cambio de clima ya se nota. Ve\u00eda \u00c1lava, habitante del cant\u00f3n cuenta que este fin de semana se la pas\u00f3 abrigada por el fr\u00edo que hac\u00eda \u201cHace d\u00edas que en mi casa todos andan con su\u00e9ter y medias gruesas.<\/p>\n\n\n\n<p>Hasta saqu\u00e9 la colcha de tigre que ten\u00edamos guardada\u00bb. Sin embargo, el contraste clim\u00e1tico est\u00e1 a la orden del d\u00eda. Aunque el fr\u00edo aprieta al amanecer y al caer la tarde, el Inamhi (Instituto Nacional de Meteorolog\u00eda e Hidrolog\u00eda) emiti\u00f3 la Advertencia Meteorol\u00f3gica #39, en la que informa que del 24 al 27 de julio se registr\u00f3 un incremento en la temperatura diurna y la radiaci\u00f3n UV, principalmente en la Amazon\u00eda, zonas de la Costa y especialmente en la regi\u00f3n Interandina. Seg\u00fan el informe, una masa de aire seco proveniente del Pac\u00edfico reducir\u00e1 la nubosidad, lo que se traduce en mayor radiaci\u00f3n solar y calor intenso al mediod\u00eda.<\/p>\n","protected":false},"excerpt":{"rendered":"<p>En la provincia de Manab\u00ed , las ma\u00f1anas y noches han comenzado a sentirse m\u00e1s fr\u00edas de lo habitual, con un cielo bastante nublado y un ambiente h\u00famedo que invita a muchos a desempolvar sus cl\u00e1sicas colchas de tigre, esas famosas por ser pesadas, abrigadoras y perfectas para el clima andino. En Montecristi, por ejemplo, el cambio de clima ya se nota. Ve\u00eda \u00c1lava, habitante del cant\u00f3n cuenta que este fin de semana se la pas\u00f3 abrigada por el fr\u00edo que hac\u00eda \u201cHace d\u00edas que en mi casa todos andan con su\u00e9ter y medias gruesas.<\/p>\n<p>Hasta saqu\u00e9 la colcha de tigre que ten\u00edamos guardada\u00bb. Sin embargo, el contraste clim\u00e1tico est\u00e1 a la orden del d\u00eda. Aunque el fr\u00edo aprieta al amanecer y al caer la tarde, el Inamhi (Instituto Nacional de Meteorolog\u00eda e Hidrolog\u00eda) emiti\u00f3 la Advertencia Meteorol\u00f3gica #39, en la que informa que del 24 al 27 de julio se registr\u00f3 un incremento en la temperatura diurna y la radiaci\u00f3n UV, principalmente en la Amazon\u00eda, zonas de la Costa y especialmente en la regi\u00f3n Interandina. Seg\u00fan el informe, una masa de aire seco proveniente del Pac\u00edfico reducir\u00e1 la nubosidad, lo que se traduce en mayor radiaci\u00f3n solar y calor intenso al mediod\u00eda.<\/p>\n","protected":false},"author":12,"featured_media":48917,"comment_status":"open","ping_status":"open","sticky":false,"template":"","format":"standard","meta":{"footnotes":""},"categories":[1],"tags":[29],"class_list":["post-48913","post","type-post","status-publish","format-standard","has-post-thumbnail","hentry","category-uncategorized","tag-manabi"],"_links":{"self":[{"href":"https:\/\/elmercuriomanta.ec\/index.php\/wp-json\/wp\/v2\/posts\/48913","targetHints":{"allow":["GET"]}}],"collection":[{"href":"https:\/\/elmercuriomanta.ec\/index.php\/wp-json\/wp\/v2\/posts"}],"about":[{"href":"https:\/\/elmercuriomanta.ec\/index.php\/wp-json\/wp\/v2\/types\/post"}],"author":[{"embeddable":true,"href":"https:\/\/elmercuriomanta.ec\/index.php\/wp-json\/wp\/v2\/users\/12"}],"replies":[{"embeddable":true,"href":"https:\/\/elmercuriomanta.ec\/index.php\/wp-json\/wp\/v2\/comments?post=48913"}],"version-history":[{"count":1,"href":"https:\/\/elmercuriomanta.ec\/index.php\/wp-json\/wp\/v2\/posts\/48913\/revisions"}],"predecessor-version":[{"id":48918,"href":"https:\/\/elmercuriomanta.ec\/index.php\/wp-json\/wp\/v2\/posts\/48913\/revisions\/48918"}],"wp:featuredmedia":[{"embeddable":true,"href":"https:\/\/elmercuriomanta.ec\/index.php\/wp-json\/wp\/v2\/media\/48917"}],"wp:attachment":[{"href":"https:\/\/elmercuriomanta.ec\/index.php\/wp-json\/wp\/v2\/media?parent=48913"}],"wp:term":[{"taxonomy":"category","embeddable":true,"href":"https:\/\/elmercuriomanta.ec\/index.php\/wp-json\/wp\/v2\/categories?post=48913"},{"taxonomy":"post_tag","embeddable":true,"href":"https:\/\/elmercuriomanta.ec\/index.php\/wp-json\/wp\/v2\/tags?post=48913"}],"curies":[{"name":"wp","href":"https:\/\/api.w.org\/{rel}","templated":true}]}}