{"id":48861,"date":"2025-07-28T12:44:10","date_gmt":"2025-07-28T17:44:10","guid":{"rendered":"https:\/\/elmercuriomanta.ec\/?p=48861"},"modified":"2025-07-28T12:44:42","modified_gmt":"2025-07-28T17:44:42","slug":"caso-apagon-fiscalia-revela-detalles-del-allanamiento-a-fabian-calero-y-los-indicios-encontrados","status":"publish","type":"post","link":"https:\/\/elmercuriomanta.ec\/index.php\/2025\/07\/28\/caso-apagon-fiscalia-revela-detalles-del-allanamiento-a-fabian-calero-y-los-indicios-encontrados\/","title":{"rendered":"\u00a0&#8216;Caso Apag\u00f3n&#8217; : Fiscal\u00eda revela detalles del allanamiento a\u00a0 Fabi\u00e1n Calero y los indicios encontrados"},"content":{"rendered":"\n<figure class=\"wp-block-image aligncenter size-large is-resized\"><img fetchpriority=\"high\" decoding=\"async\" width=\"1024\" height=\"512\" src=\"https:\/\/elmercuriomanta.ec\/wp-content\/uploads\/2025\/07\/image-301-1024x512.png\" alt=\"\" class=\"wp-image-48863\" style=\"width:285px;height:auto\" srcset=\"https:\/\/elmercuriomanta.ec\/wp-content\/uploads\/2025\/07\/image-301-1024x512.png 1024w, https:\/\/elmercuriomanta.ec\/wp-content\/uploads\/2025\/07\/image-301-300x150.png 300w, https:\/\/elmercuriomanta.ec\/wp-content\/uploads\/2025\/07\/image-301-768x384.png 768w, https:\/\/elmercuriomanta.ec\/wp-content\/uploads\/2025\/07\/image-301.png 1200w\" sizes=\"(max-width: 1024px) 100vw, 1024px\" \/><\/figure>\n\n\n\n<p>Este lunes, la casa de <strong>Fabi\u00e1n Calero<\/strong>, quien era viceministro de Energ\u00eda fue allanada en el marco de las investigaciones del &#8216;<strong>Caso Apag\u00f3n<\/strong>&#8216;. En el sitio se decomisaron varios indicios relacionados con el presunto peculado cometido en contratos de proyectos de generaci\u00f3n <strong>el\u00e9ctrica<\/strong> para enfrentar la <strong>crisis energ\u00e9tica.<\/strong><br><\/p>\n\n\n\n<p>En el sitio se decomisaron varios indicios relacionados con el presunto peculado cometido en contratos de proyectos de generaci\u00f3n\u00a0<strong>el\u00e9ctrica<\/strong>.<\/p>\n\n\n\n<p>En este caso, se investigan irregularidades en torno a la contrataci\u00f3n de generaci\u00f3n t\u00e9rmica entre Corporaci\u00f3n El\u00e9ctrica de Ecuador (Celec) y\u00a0<strong>Progen<\/strong>\u00a0Industries LLC. Esos acuerdos fueron adjudicados bajo un plan de emergencia para enfrentar la\u00a0<strong>crisis energ\u00e9tica<\/strong>, con el objetivo de instalar tres centrales t\u00e9rmicas en Salitral, Quevedo y Esmeraldas.<\/p>\n\n\n\n<p>La Fiscal\u00eda General del Estado (FGE) detall\u00f3 que, en conjunto con agentes de la Polic\u00eda Nacional, se ingres\u00f3 al&nbsp;<strong>domicilio&nbsp;<\/strong>de Calero, ubicado en&nbsp;<strong>Quito<\/strong>.<\/p>\n\n\n\n<p>Adem\u00e1s, la instituci\u00f3n se\u00f1al\u00f3 que Calero se desempe\u00f1aba como gerente general y representante legal de Celec en el momento en que ocurrieron los hechos investigados.<\/p>\n\n\n\n<p>Por tal motivo, su residencia fue allanada, y durante el registro se recabaron varios&nbsp;<strong>indicios<\/strong>, entre ellos tel\u00e9fonos celulares y documentaci\u00f3n.<\/p>\n\n\n\n<p>En total se realizaron&nbsp;<strong>17 allanamientos<\/strong>, que fueron ejecutados de forma simult\u00e1nea, en domicilios y oficinas vinculadas a los sospechosos en las provincias de&nbsp;Pichincha, Guayas y Bol\u00edvar.<\/p>\n\n\n\n<p>Con el fin de recabar informaci\u00f3n sobre&nbsp;<strong>contratos p\u00fablicos<\/strong>&nbsp;de generaci\u00f3n el\u00e9ctrica, se allan\u00f3 \u2013<strong>en Quito<\/strong>\u2013 la&nbsp;<strong>central t\u00e9rmica Guangopolo-Termopichincha<\/strong>, donde laborar\u00edan los investigados Gabriela Alexandra T. C., Holger Santiago J. S. y Marvin Bryan R. Z.<\/p>\n\n\n\n<p>Asimismo, se recabaron 31 celulares, 18 USB, 10 computadores, 8 discos duros y documentos.<\/p>\n\n\n\n<p>El contralor general, Mauricio Torres, identific\u00f3 indicios de responsabilidad penal en contratos firmados por CELEC con las empresas Progen Industries LLC y Austral Technical Management (ATM). Estim\u00f3 que el perjuicio al Estado asciende a los 140 millones de d\u00f3lares.<\/p>\n\n\n\n<p><\/p>\n","protected":false},"excerpt":{"rendered":"<p>Este lunes, la casa de Fabi\u00e1n Calero, quien era viceministro de Energ\u00eda fue allanada en el marco de las investigaciones del &#8216;Caso Apag\u00f3n&#8217;. En el sitio se decomisaron varios indicios relacionados con el presunto peculado cometido en contratos de proyectos de generaci\u00f3n el\u00e9ctrica para enfrentar la crisis energ\u00e9tica.<\/p>\n","protected":false},"author":14,"featured_media":48863,"comment_status":"open","ping_status":"open","sticky":false,"template":"","format":"standard","meta":{"footnotes":""},"categories":[20,83,1],"tags":[23],"class_list":["post-48861","post","type-post","status-publish","format-standard","has-post-thumbnail","hentry","category-portada-2","category-sucesos","category-uncategorized","tag-ecuador"],"_links":{"self":[{"href":"https:\/\/elmercuriomanta.ec\/index.php\/wp-json\/wp\/v2\/posts\/48861","targetHints":{"allow":["GET"]}}],"collection":[{"href":"https:\/\/elmercuriomanta.ec\/index.php\/wp-json\/wp\/v2\/posts"}],"about":[{"href":"https:\/\/elmercuriomanta.ec\/index.php\/wp-json\/wp\/v2\/types\/post"}],"author":[{"embeddable":true,"href":"https:\/\/elmercuriomanta.ec\/index.php\/wp-json\/wp\/v2\/users\/14"}],"replies":[{"embeddable":true,"href":"https:\/\/elmercuriomanta.ec\/index.php\/wp-json\/wp\/v2\/comments?post=48861"}],"version-history":[{"count":2,"href":"https:\/\/elmercuriomanta.ec\/index.php\/wp-json\/wp\/v2\/posts\/48861\/revisions"}],"predecessor-version":[{"id":48865,"href":"https:\/\/elmercuriomanta.ec\/index.php\/wp-json\/wp\/v2\/posts\/48861\/revisions\/48865"}],"wp:featuredmedia":[{"embeddable":true,"href":"https:\/\/elmercuriomanta.ec\/index.php\/wp-json\/wp\/v2\/media\/48863"}],"wp:attachment":[{"href":"https:\/\/elmercuriomanta.ec\/index.php\/wp-json\/wp\/v2\/media?parent=48861"}],"wp:term":[{"taxonomy":"category","embeddable":true,"href":"https:\/\/elmercuriomanta.ec\/index.php\/wp-json\/wp\/v2\/categories?post=48861"},{"taxonomy":"post_tag","embeddable":true,"href":"https:\/\/elmercuriomanta.ec\/index.php\/wp-json\/wp\/v2\/tags?post=48861"}],"curies":[{"name":"wp","href":"https:\/\/api.w.org\/{rel}","templated":true}]}}