{"id":48799,"date":"2025-07-27T11:57:49","date_gmt":"2025-07-27T16:57:49","guid":{"rendered":"https:\/\/elmercuriomanta.ec\/?p=48799"},"modified":"2025-07-27T11:57:49","modified_gmt":"2025-07-27T16:57:49","slug":"educacion-empezara-reubicacion-de-docentes-con-1-500-vacantes-para-la-sierra-y-amazonia","status":"publish","type":"post","link":"https:\/\/elmercuriomanta.ec\/index.php\/2025\/07\/27\/educacion-empezara-reubicacion-de-docentes-con-1-500-vacantes-para-la-sierra-y-amazonia\/","title":{"rendered":"Educaci\u00f3n Empezar\u00e1 Reubicaci\u00f3n de Docentes con 1.500 Vacantes para la Sierra y Amazon\u00eda"},"content":{"rendered":"\n<figure class=\"wp-block-image aligncenter size-large is-resized\"><img fetchpriority=\"high\" decoding=\"async\" width=\"1024\" height=\"576\" src=\"https:\/\/elmercuriomanta.ec\/wp-content\/uploads\/2025\/07\/image-284-1024x576.png\" alt=\"\" class=\"wp-image-48800\" style=\"width:499px;height:auto\" srcset=\"https:\/\/elmercuriomanta.ec\/wp-content\/uploads\/2025\/07\/image-284-1024x576.png 1024w, https:\/\/elmercuriomanta.ec\/wp-content\/uploads\/2025\/07\/image-284-300x169.png 300w, https:\/\/elmercuriomanta.ec\/wp-content\/uploads\/2025\/07\/image-284-768x432.png 768w, https:\/\/elmercuriomanta.ec\/wp-content\/uploads\/2025\/07\/image-284.png 1200w\" sizes=\"(max-width: 1024px) 100vw, 1024px\" \/><\/figure>\n\n\n\n<p>El Ministerio de Educaci\u00f3n anunci\u00f3 la apertura del proceso de sectorizaci\u00f3n docente en el r\u00e9gimen Sierra-Amazon\u00eda, correspondiente al a\u00f1o lectivo 2025-2026. Esta iniciativa permitir\u00e1 a los maestros con nombramiento definitivo reubicarse en instituciones educativas m\u00e1s cercanas a sus lugares de residencia.<\/p>\n\n\n\n<p>\u201cEl Ministerio de Educaci\u00f3n abre las inscripciones para el proceso de Sectorizaci\u00f3n Docente General Sierra Amazon\u00eda 2025, una gran oportunidad para que los maestros con nombramiento definitivo puedan reubicarse en instituciones educativas m\u00e1s cercanas a sus hogares\u201d, indic\u00f3 el Ministerio de Educaci\u00f3n, a trav\u00e9s de un comunicado. La convocatoria contempla 1 500 vacantes distribuidas en diferentes instituciones educativas. Las inscripciones estar\u00e1n habilitadas del lunes 28 al mi\u00e9rcoles 30 de julio del 2025 a trav\u00e9s de la p\u00e1gina web www.educacion.gob.ec Seg\u00fan la Cartera de Estado, el objetivo principal de este proceso es \u00abmejorar la calidad de vida de nuestros docentes.<\/p>\n","protected":false},"excerpt":{"rendered":"<p>El Ministerio de Educaci\u00f3n anunci\u00f3 la apertura del proceso de sectorizaci\u00f3n docente en el r\u00e9gimen Sierra-Amazon\u00eda, correspondiente al a\u00f1o lectivo 2025-2026. Esta iniciativa permitir\u00e1 a los maestros con nombramiento definitivo reubicarse en instituciones educativas m\u00e1s cercanas a sus lugares de residencia.<\/p>\n<p>\u201cEl Ministerio de Educaci\u00f3n abre las inscripciones para el proceso de Sectorizaci\u00f3n Docente General Sierra Amazon\u00eda 2025, una gran oportunidad para que los maestros con nombramiento definitivo puedan reubicarse en instituciones educativas m\u00e1s cercanas a sus hogares\u201d, indic\u00f3 el Ministerio de Educaci\u00f3n, a trav\u00e9s de un comunicado. La convocatoria contempla 1 500 vacantes distribuidas en diferentes instituciones educativas. Las inscripciones estar\u00e1n habilitadas del lunes 28 al mi\u00e9rcoles 30 de julio del 2025 a trav\u00e9s de la p\u00e1gina web www.educacion.gob.ec Seg\u00fan la Cartera de Estado, el objetivo principal de este proceso es \u00abmejorar la calidad de vida de nuestros docentes.<\/p>\n","protected":false},"author":12,"featured_media":48800,"comment_status":"open","ping_status":"open","sticky":false,"template":"","format":"standard","meta":{"footnotes":""},"categories":[1],"tags":[23],"class_list":["post-48799","post","type-post","status-publish","format-standard","has-post-thumbnail","hentry","category-uncategorized","tag-ecuador"],"_links":{"self":[{"href":"https:\/\/elmercuriomanta.ec\/index.php\/wp-json\/wp\/v2\/posts\/48799","targetHints":{"allow":["GET"]}}],"collection":[{"href":"https:\/\/elmercuriomanta.ec\/index.php\/wp-json\/wp\/v2\/posts"}],"about":[{"href":"https:\/\/elmercuriomanta.ec\/index.php\/wp-json\/wp\/v2\/types\/post"}],"author":[{"embeddable":true,"href":"https:\/\/elmercuriomanta.ec\/index.php\/wp-json\/wp\/v2\/users\/12"}],"replies":[{"embeddable":true,"href":"https:\/\/elmercuriomanta.ec\/index.php\/wp-json\/wp\/v2\/comments?post=48799"}],"version-history":[{"count":1,"href":"https:\/\/elmercuriomanta.ec\/index.php\/wp-json\/wp\/v2\/posts\/48799\/revisions"}],"predecessor-version":[{"id":48801,"href":"https:\/\/elmercuriomanta.ec\/index.php\/wp-json\/wp\/v2\/posts\/48799\/revisions\/48801"}],"wp:featuredmedia":[{"embeddable":true,"href":"https:\/\/elmercuriomanta.ec\/index.php\/wp-json\/wp\/v2\/media\/48800"}],"wp:attachment":[{"href":"https:\/\/elmercuriomanta.ec\/index.php\/wp-json\/wp\/v2\/media?parent=48799"}],"wp:term":[{"taxonomy":"category","embeddable":true,"href":"https:\/\/elmercuriomanta.ec\/index.php\/wp-json\/wp\/v2\/categories?post=48799"},{"taxonomy":"post_tag","embeddable":true,"href":"https:\/\/elmercuriomanta.ec\/index.php\/wp-json\/wp\/v2\/tags?post=48799"}],"curies":[{"name":"wp","href":"https:\/\/api.w.org\/{rel}","templated":true}]}}