{"id":4877,"date":"2023-08-31T09:42:33","date_gmt":"2023-08-31T14:42:33","guid":{"rendered":"https:\/\/elmercuriomanta.ec\/?p=4877"},"modified":"2023-08-31T09:42:33","modified_gmt":"2023-08-31T14:42:33","slug":"mas-de-16-mil-casos-de-dengue-se-han-reportado-en-manabi-y-santo-domingo","status":"publish","type":"post","link":"https:\/\/elmercuriomanta.ec\/index.php\/2023\/08\/31\/mas-de-16-mil-casos-de-dengue-se-han-reportado-en-manabi-y-santo-domingo\/","title":{"rendered":"M\u00e1s de 16 mil casos de dengue se han reportado en Manab\u00ed y Santo Domingo"},"content":{"rendered":"\n<figure class=\"wp-block-image aligncenter size-full\"><img fetchpriority=\"high\" decoding=\"async\" width=\"387\" height=\"161\" src=\"https:\/\/elmercuriomanta.ec\/wp-content\/uploads\/2023\/08\/image-243.png\" alt=\"\" class=\"wp-image-4878\" srcset=\"https:\/\/elmercuriomanta.ec\/wp-content\/uploads\/2023\/08\/image-243.png 387w, https:\/\/elmercuriomanta.ec\/wp-content\/uploads\/2023\/08\/image-243-300x125.png 300w\" sizes=\"(max-width: 387px) 100vw, 387px\" \/><\/figure>\n\n\n\n<p>En las provincias de Manab\u00ed y de Santo Domingo de los Ts\u00e1chilas se concentran los casos en Ecuador por dengue. El dengue, seg\u00fan la Organizaci\u00f3n Panamericana de la Salud (OPS), se transmite a trav\u00e9s de la picadura de un mosquito infectado. Es una enfermedad que afecta personas de todas las edades, con s\u00edntomas que var\u00edan entre una fiebre leve y una fiebre incapacitante, acompa\u00f1ado de dolor intenso de cabeza, dolor detr\u00e1s de los ojos, dolor en m\u00fasculos y articulaciones, y eritema.<\/p>\n\n\n\n<p>Francisco P\u00e9rez, subsecretario de Vigilancia, Prevenci\u00f3n y Control de la Salud del MSP, expres\u00f3 que se ha producido una epidemia de dengue durante este a\u00f1o, producto de las lluvias, y ya hay 16.289 casos de esa enfermedad. Sostuvo que en Manab\u00ed los casos han ido bajando un poco, pero no as\u00ed en Santo Domingo de los Ts\u00e1chilas. <\/p>\n\n\n\n<p>El Gobierno ha registrado 16 personas fallecidas por dengue grave a nivel nacional que es el mismo n\u00famero de personas muertas en todo 2022. Se\u00f1al\u00f3 que se trabaja en medidas de prevenci\u00f3n y control de vectores con los gobiernos locales y la ciudadan\u00eda en general, que incluyen la limpieza de los predios y la eliminaci\u00f3n de los criaderos de los mosquitos.<\/p>\n\n\n\n<p>Agreg\u00f3 que hay un aumento de las lluvias en la regi\u00f3n Costa y podr\u00eda agravarse con el fen\u00f3meno de El Ni\u00f1o. El funcionario mencion\u00f3 que el MSP mantiene una estrategia nacional de control vectorial. Explic\u00f3 que el dengue crece en los dep\u00f3sitos de agua limpia que generalmente est\u00e1n en llantas, en tarros o contenedores de agua. <\/p>\n\n\n\n<p>Agreg\u00f3 que han aplicado acciones con entidades locales para eliminar los criaderos, pero sigue inefectivo mientras siga lloviendo o los ciudadanos sigan teniendo contenedores o lugares donde se deposita el agua limpia de las lluvias y puede haber un crecimiento de mosquitos.<\/p>\n\n\n\n<p>\u201cUna c\u00e1scara de huevo que se llena de agua puede generar al menos 1.000 mosquitos\u201d, dijo P\u00e9rez, en una rueda de prensa virtual, la tarde de este martes.<\/p>\n\n\n\n<div class=\"wp-block-essential-blocks-social\"><div class=\"eb-parent-wrapper eb-parent-eb-social-links-dxj86qu \"><div class=\"eb-social-links-dxj86qu eb-social-links-wrapper\"><ul class=\"eb-socials\"><li><a class=\"facebook-f-original  \" href=\"\/\/www.facebook.com\/YoSoyElMercurio\/?locale=es_LA\" target=\"_blank\" rel=\"noopener\"><i class=\"hvr-icon eb-social-icon fab fa-facebook-f\"><\/i><\/a><\/li><li><a class=\"twitter-original  \" href=\"\/\/twitter.com\/elmercuriomanta\" target=\"_blank\" rel=\"noopener\"><i class=\"hvr-icon eb-social-icon fab fa-twitter\"><\/i><\/a><\/li><li><a class=\"instagram-original  \" href=\"\/\/www.instagram.com\/elmercuriomanta\/?hl=es\" target=\"_blank\" rel=\"noopener\"><i class=\"hvr-icon eb-social-icon fab fa-instagram\"><\/i><\/a><\/li><\/ul><\/div><\/div><\/div>\n","protected":false},"excerpt":{"rendered":"<p>En las provincias de Manab\u00ed y de Santo Domingo de los Ts\u00e1chilas se concentran los casos en Ecuador por dengue. El dengue, seg\u00fan la Organizaci\u00f3n Panamericana de la Salud (OPS), se transmite a trav\u00e9s de la picadura de un mosquito infectado. Es una enfermedad que afecta personas de todas las edades, con s\u00edntomas que var\u00edan entre una fiebre leve y una fiebre incapacitante, acompa\u00f1ado de dolor intenso de cabeza, dolor detr\u00e1s de los ojos, dolor en m\u00fasculos y articulaciones, y eritema.<\/p>\n","protected":false},"author":12,"featured_media":4878,"comment_status":"open","ping_status":"open","sticky":false,"template":"","format":"standard","meta":{"footnotes":""},"categories":[21],"tags":[],"class_list":["post-4877","post","type-post","status-publish","format-standard","has-post-thumbnail","hentry","category-noticia-del-dia"],"_links":{"self":[{"href":"https:\/\/elmercuriomanta.ec\/index.php\/wp-json\/wp\/v2\/posts\/4877","targetHints":{"allow":["GET"]}}],"collection":[{"href":"https:\/\/elmercuriomanta.ec\/index.php\/wp-json\/wp\/v2\/posts"}],"about":[{"href":"https:\/\/elmercuriomanta.ec\/index.php\/wp-json\/wp\/v2\/types\/post"}],"author":[{"embeddable":true,"href":"https:\/\/elmercuriomanta.ec\/index.php\/wp-json\/wp\/v2\/users\/12"}],"replies":[{"embeddable":true,"href":"https:\/\/elmercuriomanta.ec\/index.php\/wp-json\/wp\/v2\/comments?post=4877"}],"version-history":[{"count":1,"href":"https:\/\/elmercuriomanta.ec\/index.php\/wp-json\/wp\/v2\/posts\/4877\/revisions"}],"predecessor-version":[{"id":4879,"href":"https:\/\/elmercuriomanta.ec\/index.php\/wp-json\/wp\/v2\/posts\/4877\/revisions\/4879"}],"wp:featuredmedia":[{"embeddable":true,"href":"https:\/\/elmercuriomanta.ec\/index.php\/wp-json\/wp\/v2\/media\/4878"}],"wp:attachment":[{"href":"https:\/\/elmercuriomanta.ec\/index.php\/wp-json\/wp\/v2\/media?parent=4877"}],"wp:term":[{"taxonomy":"category","embeddable":true,"href":"https:\/\/elmercuriomanta.ec\/index.php\/wp-json\/wp\/v2\/categories?post=4877"},{"taxonomy":"post_tag","embeddable":true,"href":"https:\/\/elmercuriomanta.ec\/index.php\/wp-json\/wp\/v2\/tags?post=4877"}],"curies":[{"name":"wp","href":"https:\/\/api.w.org\/{rel}","templated":true}]}}