{"id":48758,"date":"2025-07-26T13:38:06","date_gmt":"2025-07-26T18:38:06","guid":{"rendered":"https:\/\/elmercuriomanta.ec\/?p=48758"},"modified":"2025-07-26T13:38:06","modified_gmt":"2025-07-26T18:38:06","slug":"inseguridad-afecta-a-esmeraldas-y-manabi","status":"publish","type":"post","link":"https:\/\/elmercuriomanta.ec\/index.php\/2025\/07\/26\/inseguridad-afecta-a-esmeraldas-y-manabi\/","title":{"rendered":"Inseguridad Afecta a Esmeraldas y Manab\u00ed"},"content":{"rendered":"\n<figure class=\"wp-block-image aligncenter size-large is-resized\"><img fetchpriority=\"high\" decoding=\"async\" width=\"1024\" height=\"576\" src=\"https:\/\/elmercuriomanta.ec\/wp-content\/uploads\/2025\/07\/image-274-1024x576.png\" alt=\"\" class=\"wp-image-48759\" style=\"width:521px;height:auto\" srcset=\"https:\/\/elmercuriomanta.ec\/wp-content\/uploads\/2025\/07\/image-274-1024x576.png 1024w, https:\/\/elmercuriomanta.ec\/wp-content\/uploads\/2025\/07\/image-274-300x169.png 300w, https:\/\/elmercuriomanta.ec\/wp-content\/uploads\/2025\/07\/image-274-768x432.png 768w, https:\/\/elmercuriomanta.ec\/wp-content\/uploads\/2025\/07\/image-274.png 1200w\" sizes=\"(max-width: 1024px) 100vw, 1024px\" \/><\/figure>\n\n\n\n<p><\/p>\n\n\n\n<p>El turismo interno desde la Sierra hacia la Costa ecuatoriana \u2014tradicionalmente din\u00e1mico en feriados y vacaciones escolares\u2014 atraviesa un mal momento. Hasta julio de 2025, provincias costeras como Esmeraldas y Manab\u00ed han registrado una ca\u00edda de entre el 35% y el 52% en el n\u00famero de visitantes provenientes de ciudades serranas como Quito, Ambato, Latacunga y Riobamba, entre otras. Las cifras, obtenidas de fuentes oficiales como el Ministerio de Turismo, la Federaci\u00f3n Nacional de C\u00e1maras Provinciales de Turismo (Fenacaptur) y reportes de c\u00e1maras provinciales, confirman un panorama cr\u00edtico justo antes del arranque de la temporada alta para los turistas serranos: julio, agosto y septiembre, meses clave por las vacaciones escolares en la regi\u00f3n Sierra. LA HORA hizo una encuesta a trav\u00e9s de su cuenta de X. Ante la pregunta \u00bfEres de la Sierra y tienes miedo viajar a la Costa por la inseguridad?, el 74,5% respondi\u00f3: S\u00ed, me frena. Un 15,5% dijo s\u00ed, pero igual voy. Solo un asegur\u00f3 no tener miedo.<\/p>\n\n\n\n<p>LAS CIFRAS DE LA CA\u00cdDA DEL TURISMO EN ECUADOR Las visitas desde la Sierra hacia la Costa en los feriados de Carnaval, Semana Santa y 24 de mayo se desplomaron entre 40% y 60% frente a los niveles de 2023 y 2024. El Ministerio de Turismo, en su informe semestral de julio de 2025, confirma una baja del 35% en el turismo interno hacia la Costa, especialmente desde la Sierra central. En Esmeraldas, el Comit\u00e9 de Turismo de Atacames report\u00f3 una reducci\u00f3n del 52% en el n\u00famero de visitantes en el \u00faltimo feriado nacional. La ocupaci\u00f3n hotelera promedio en julio 2025 apenas bordea el 25% en Atacames y el 20% en Canoa y Bah\u00eda de Car\u00e1quez. En Manta, las cifras son levemente mejores: 38% en fines de semana largos.<\/p>\n\n\n\n<p>INSEGURIDAD Y COSTOS: LAS PRINCIPALES CAUSAS DE QUE MENOS TURISTAS LLEGUEN A LA COSTA El turismo hacia la Costa enfrenta un doble golpe: la percepci\u00f3n creciente de inseguridad y el aumento de los costos de viaje. Un estudio reciente del Observatorio de Turismo y Seguridad de la UCSG revel\u00f3 que 7 de cada 10 turistas de la Sierra evitaron viajar a Esmeraldas y Manab\u00ed en el primer semestre del a\u00f1o por temor a la violencia, asociada a bandas criminales y extorsiones. Los reportes del ECU 911 indican un aumento del 25% en alertas por violencia en zonas tur\u00edsticas costeras, entre enero y junio de 2025. Aunque en semanas anteriores hubo esfuerzos por reforzar la seguridad en ciertos cantones, el repunte de violencia en ciudades como Manta, Puerto L\u00f3pez y Guayaquil desde mediados de julio incluyendo atentados selectivos y casos de extorsi\u00f3n ha reactivado el temor de los potenciales visitantes. A esto se suma el encarecimiento del transporte terrestre debido al alza en los precios de la gasolina, lo que ha incrementado los costos tanto para viajes en veh\u00edculos particulares como para buses interprovinciales. Pese al panorama complejo, gremios tur\u00edsticos conf\u00edan en una posible recuperaci\u00f3n parcial durante agosto y septiembre de 2025. La esperanza est\u00e1 puesta en:<\/p>\n\n\n\n<p>El feriado del 10 de Agosto, que cae en fin de semana largo y podr\u00eda movilizar m\u00e1s visitantes. Campa\u00f1as de promoci\u00f3n tur\u00edstica del Gobierno y gobiernos locales, enfocados en resaltar rutas seguras, descuentos y eventos culturales. Acciones locales de refuerzo en seguridad, aunque fr\u00e1giles, buscan contener la violencia en sitios emblem\u00e1ticos del litoral. No obstante, sin incentivos fiscales ni un verdadero plan de recuperaci\u00f3n del turismo interno, el segundo semestre del a\u00f1o tambi\u00e9n podr\u00eda cerrar con n\u00fameros negativos. La inseguridad es real, pero el trabajo conjunto puede contrarrestarla El impacto de la violencia en zonas tur\u00edsticas como Puerto L\u00f3pez, Manta o Playas ha sido directo. Sin embargo, Holbach Mu\u00f1et\u00f3n, presidente de la Federaci\u00f3n de C\u00e1maras de Turismo del Ecuador, explic\u00f3, durante recientes declaraciones p\u00fablicas, que el problema no solo es la delincuencia como tal, sino la percepci\u00f3n que persiste incluso cuando los \u00edndices empiezan a mejorar. Sin embargo, destaca que \u201cGuayaquil ha demostrado que con coordinaci\u00f3n s\u00ed se puede\u201d. En esa ciudad, la Polic\u00eda ha trabajado directamente con empresarios y autoridades locales, lo que ha permitido reaccionar r\u00e1pidamente ante incidentes. \u201cNo esperamos a que suceda algo grave para actuar\u201d, afirma. Por eso, hace un llamado claro: \u201cEl empresario tur\u00edstico tambi\u00e9n debe hacer su parte\u201d. Para Mu\u00f1et\u00f3n, es vital que el sector privado mantenga canales abiertos con el Ministerio del Interior y los municipios, y que no se quede en la queja, sino que proponga y se involucre. \u201cSe necesita un trabajo coordinado, no podemos esperar que el turista vuelva solo\u201d, advierte. Y repite el mensaje: la Polic\u00eda ha mejorado su respuesta, pero el compromiso debe ser compartido.<\/p>\n\n\n\n<p><\/p>\n","protected":false},"excerpt":{"rendered":"<p>El turismo interno desde la Sierra hacia la Costa ecuatoriana \u2014tradicionalmente din\u00e1mico en feriados y vacaciones escolares\u2014 atraviesa un mal momento. Hasta julio de 2025, provincias costeras como Esmeraldas y Manab\u00ed han registrado una ca\u00edda de entre el 35% y el 52% en el n\u00famero de visitantes provenientes de ciudades serranas como Quito, Ambato, Latacunga y Riobamba, entre otras. Las cifras, obtenidas de fuentes oficiales como el Ministerio de Turismo, la Federaci\u00f3n Nacional de C\u00e1maras Provinciales de Turismo (Fenacaptur) y reportes de c\u00e1maras provinciales, confirman un panorama cr\u00edtico justo antes del arranque de la temporada alta para los turistas serranos: julio, agosto y septiembre, meses clave por las vacaciones escolares en la regi\u00f3n Sierra. LA HORA hizo una encuesta a trav\u00e9s de su cuenta de X. Ante la pregunta \u00bfEres de la Sierra y tienes miedo viajar a la Costa por la inseguridad?, el 74,5% respondi\u00f3: S\u00ed, me frena. Un 15,5% dijo s\u00ed, pero igual voy. Solo un asegur\u00f3 no tener miedo.<\/p>\n<p>LAS CIFRAS DE LA CA\u00cdDA DEL TURISMO EN ECUADOR Las visitas desde la Sierra hacia la Costa en los feriados de Carnaval, Semana Santa y 24 de mayo se desplomaron entre 40% y 60% frente a los niveles de 2023 y 2024. El Ministerio de Turismo, en su informe semestral de julio de 2025, confirma una baja del 35% en el turismo interno hacia la Costa, especialmente desde la Sierra central. En Esmeraldas, el Comit\u00e9 de Turismo de Atacames report\u00f3 una reducci\u00f3n del 52% en el n\u00famero de visitantes en el \u00faltimo feriado nacional. La ocupaci\u00f3n hotelera promedio en julio 2025 apenas bordea el 25% en Atacames y el 20% en Canoa y Bah\u00eda de Car\u00e1quez. En Manta, las cifras son levemente mejores: 38% en fines de semana largos.<\/p>\n<p>INSEGURIDAD Y COSTOS: LAS PRINCIPALES CAUSAS DE QUE MENOS TURISTAS LLEGUEN A LA COSTA El turismo hacia la Costa enfrenta un doble golpe: la percepci\u00f3n creciente de inseguridad y el aumento de los costos de viaje. Un estudio reciente del Observatorio de Turismo y Seguridad de la UCSG revel\u00f3 que 7 de cada 10 turistas de la Sierra evitaron viajar a Esmeraldas y Manab\u00ed en el primer semestre del a\u00f1o por temor a la violencia, asociada a bandas criminales y extorsiones. Los reportes del ECU 911 indican un aumento del 25% en alertas por violencia en zonas tur\u00edsticas costeras, entre enero y junio de 2025. Aunque en semanas anteriores hubo esfuerzos por reforzar la seguridad en ciertos cantones, el repunte de violencia en ciudades como Manta, Puerto L\u00f3pez y Guayaquil desde mediados de julio incluyendo atentados selectivos y casos de extorsi\u00f3n ha reactivado el temor de los potenciales visitantes. A esto se suma el encarecimiento del transporte terrestre debido al alza en los precios de la gasolina, lo que ha incrementado los costos tanto para viajes en veh\u00edculos particulares como para buses interprovinciales. Pese al panorama complejo, gremios tur\u00edsticos conf\u00edan en una posible recuperaci\u00f3n parcial durante agosto y septiembre de 2025. La esperanza est\u00e1 puesta en:<\/p>\n<p>El feriado del 10 de Agosto, que cae en fin de semana largo y podr\u00eda movilizar m\u00e1s visitantes. Campa\u00f1as de promoci\u00f3n tur\u00edstica del Gobierno y gobiernos locales, enfocados en resaltar rutas seguras, descuentos y eventos culturales. Acciones locales de refuerzo en seguridad, aunque fr\u00e1giles, buscan contener la violencia en sitios emblem\u00e1ticos del litoral. No obstante, sin incentivos fiscales ni un verdadero plan de recuperaci\u00f3n del turismo interno, el segundo semestre del a\u00f1o tambi\u00e9n podr\u00eda cerrar con n\u00fameros negativos. La inseguridad es real, pero el trabajo conjunto puede contrarrestarla El impacto de la violencia en zonas tur\u00edsticas como Puerto L\u00f3pez, Manta o Playas ha sido directo. Sin embargo, Holbach Mu\u00f1et\u00f3n, presidente de la Federaci\u00f3n de C\u00e1maras de Turismo del Ecuador, explic\u00f3, durante recientes declaraciones p\u00fablicas, que el problema no solo es la delincuencia como tal, sino la percepci\u00f3n que persiste incluso cuando los \u00edndices empiezan a mejorar. Sin embargo, destaca que \u201cGuayaquil ha demostrado que con coordinaci\u00f3n s\u00ed se puede\u201d. En esa ciudad, la Polic\u00eda ha trabajado directamente con empresarios y autoridades locales, lo que ha permitido reaccionar r\u00e1pidamente ante incidentes. \u201cNo esperamos a que suceda algo grave para actuar\u201d, afirma. Por eso, hace un llamado claro: \u201cEl empresario tur\u00edstico tambi\u00e9n debe hacer su parte\u201d. Para Mu\u00f1et\u00f3n, es vital que el sector privado mantenga canales abiertos con el Ministerio del Interior y los municipios, y que no se quede en la queja, sino que proponga y se involucre. \u201cSe necesita un trabajo coordinado, no podemos esperar que el turista vuelva solo\u201d, advierte. Y repite el mensaje: la Polic\u00eda ha mejorado su respuesta, pero el compromiso debe ser compartido.<\/p>\n","protected":false},"author":12,"featured_media":48759,"comment_status":"open","ping_status":"open","sticky":false,"template":"","format":"standard","meta":{"footnotes":""},"categories":[1],"tags":[29],"class_list":["post-48758","post","type-post","status-publish","format-standard","has-post-thumbnail","hentry","category-uncategorized","tag-manabi"],"_links":{"self":[{"href":"https:\/\/elmercuriomanta.ec\/index.php\/wp-json\/wp\/v2\/posts\/48758","targetHints":{"allow":["GET"]}}],"collection":[{"href":"https:\/\/elmercuriomanta.ec\/index.php\/wp-json\/wp\/v2\/posts"}],"about":[{"href":"https:\/\/elmercuriomanta.ec\/index.php\/wp-json\/wp\/v2\/types\/post"}],"author":[{"embeddable":true,"href":"https:\/\/elmercuriomanta.ec\/index.php\/wp-json\/wp\/v2\/users\/12"}],"replies":[{"embeddable":true,"href":"https:\/\/elmercuriomanta.ec\/index.php\/wp-json\/wp\/v2\/comments?post=48758"}],"version-history":[{"count":1,"href":"https:\/\/elmercuriomanta.ec\/index.php\/wp-json\/wp\/v2\/posts\/48758\/revisions"}],"predecessor-version":[{"id":48760,"href":"https:\/\/elmercuriomanta.ec\/index.php\/wp-json\/wp\/v2\/posts\/48758\/revisions\/48760"}],"wp:featuredmedia":[{"embeddable":true,"href":"https:\/\/elmercuriomanta.ec\/index.php\/wp-json\/wp\/v2\/media\/48759"}],"wp:attachment":[{"href":"https:\/\/elmercuriomanta.ec\/index.php\/wp-json\/wp\/v2\/media?parent=48758"}],"wp:term":[{"taxonomy":"category","embeddable":true,"href":"https:\/\/elmercuriomanta.ec\/index.php\/wp-json\/wp\/v2\/categories?post=48758"},{"taxonomy":"post_tag","embeddable":true,"href":"https:\/\/elmercuriomanta.ec\/index.php\/wp-json\/wp\/v2\/tags?post=48758"}],"curies":[{"name":"wp","href":"https:\/\/api.w.org\/{rel}","templated":true}]}}