{"id":48722,"date":"2025-07-25T14:56:58","date_gmt":"2025-07-25T19:56:58","guid":{"rendered":"https:\/\/elmercuriomanta.ec\/?p=48722"},"modified":"2025-07-25T14:56:58","modified_gmt":"2025-07-25T19:56:58","slug":"detenidos-serian-del-gdo-los-choneros","status":"publish","type":"post","link":"https:\/\/elmercuriomanta.ec\/index.php\/2025\/07\/25\/detenidos-serian-del-gdo-los-choneros\/","title":{"rendered":"Detenidos ser\u00edan del GDO \u201cLos Choneros\u201d"},"content":{"rendered":"\n<figure class=\"wp-block-image aligncenter size-full is-resized\"><img fetchpriority=\"high\" decoding=\"async\" width=\"600\" height=\"450\" src=\"https:\/\/elmercuriomanta.ec\/wp-content\/uploads\/2025\/07\/image-270.png\" alt=\"\" class=\"wp-image-48723\" style=\"width:426px;height:auto\" srcset=\"https:\/\/elmercuriomanta.ec\/wp-content\/uploads\/2025\/07\/image-270.png 600w, https:\/\/elmercuriomanta.ec\/wp-content\/uploads\/2025\/07\/image-270-300x225.png 300w\" sizes=\"(max-width: 600px) 100vw, 600px\" \/><\/figure>\n\n\n\n<p>Se dedicaban al robo con armas de fuego y venta de sustancias il\u00edcitas. Cuatro presuntos integrantes de \u201cLos Choneros\u201d fueron aprehendidos en un operativo realizado en el barrio 15 de Septiembre de Manta.<\/p>\n\n\n\n<p>Entre ellos est\u00e1n Jhonny Fernando Cevallos Zambrano, ecuatoriano de 35 a\u00f1os con tres detenciones previas; el colombiano Juan Camilo Castro Flores, de 31; Julio Gabriel Tukup Mashiant, de 19, y Jhon Pedro Bravo Vera, menor de edad con 17 a\u00f1os, estos tres \u00faltimos sin antecedentes. Durante la intervenci\u00f3n se decomis\u00f3 una pistola calibre 9mm, diez cartuchos, m\u00e1s de 700 gramos de droga, una motocicleta, celulares y una gramera.<\/p>\n","protected":false},"excerpt":{"rendered":"<p>Se dedicaban al robo con armas de fuego y venta de sustancias il\u00edcitas. Cuatro presuntos integrantes de \u201cLos Choneros\u201d fueron aprehendidos en un operativo realizado en el barrio 15 de Septiembre de Manta. Entre ellos est\u00e1n Jhonny Fernando Cevallos Zambrano, ecuatoriano de 35 a\u00f1os con tres detenciones previas; el colombiano Juan Camilo Castro Flores, de [&hellip;]<\/p>\n","protected":false},"author":12,"featured_media":0,"comment_status":"open","ping_status":"open","sticky":false,"template":"","format":"standard","meta":{"footnotes":""},"categories":[1],"tags":[],"class_list":["post-48722","post","type-post","status-publish","format-standard","hentry","category-uncategorized"],"_links":{"self":[{"href":"https:\/\/elmercuriomanta.ec\/index.php\/wp-json\/wp\/v2\/posts\/48722","targetHints":{"allow":["GET"]}}],"collection":[{"href":"https:\/\/elmercuriomanta.ec\/index.php\/wp-json\/wp\/v2\/posts"}],"about":[{"href":"https:\/\/elmercuriomanta.ec\/index.php\/wp-json\/wp\/v2\/types\/post"}],"author":[{"embeddable":true,"href":"https:\/\/elmercuriomanta.ec\/index.php\/wp-json\/wp\/v2\/users\/12"}],"replies":[{"embeddable":true,"href":"https:\/\/elmercuriomanta.ec\/index.php\/wp-json\/wp\/v2\/comments?post=48722"}],"version-history":[{"count":1,"href":"https:\/\/elmercuriomanta.ec\/index.php\/wp-json\/wp\/v2\/posts\/48722\/revisions"}],"predecessor-version":[{"id":48728,"href":"https:\/\/elmercuriomanta.ec\/index.php\/wp-json\/wp\/v2\/posts\/48722\/revisions\/48728"}],"wp:attachment":[{"href":"https:\/\/elmercuriomanta.ec\/index.php\/wp-json\/wp\/v2\/media?parent=48722"}],"wp:term":[{"taxonomy":"category","embeddable":true,"href":"https:\/\/elmercuriomanta.ec\/index.php\/wp-json\/wp\/v2\/categories?post=48722"},{"taxonomy":"post_tag","embeddable":true,"href":"https:\/\/elmercuriomanta.ec\/index.php\/wp-json\/wp\/v2\/tags?post=48722"}],"curies":[{"name":"wp","href":"https:\/\/api.w.org\/{rel}","templated":true}]}}