{"id":48690,"date":"2025-07-25T10:10:12","date_gmt":"2025-07-25T15:10:12","guid":{"rendered":"https:\/\/elmercuriomanta.ec\/?p=48690"},"modified":"2025-07-25T10:33:11","modified_gmt":"2025-07-25T15:33:11","slug":"48690","status":"publish","type":"post","link":"https:\/\/elmercuriomanta.ec\/index.php\/2025\/07\/25\/48690\/","title":{"rendered":"\u00abYo s\u00ed tengo pruebas y no montajes\u00bb : Jordan pide r\u00e9plica corrupci\u00f3n en el IESS Manta"},"content":{"rendered":"\n<figure class=\"wp-block-image aligncenter size-large is-resized\"><img fetchpriority=\"high\" decoding=\"async\" width=\"1024\" height=\"577\" src=\"https:\/\/elmercuriomanta.ec\/wp-content\/uploads\/2025\/07\/image-261-1024x577.png\" alt=\"\" class=\"wp-image-48694\" style=\"width:441px;height:auto\" srcset=\"https:\/\/elmercuriomanta.ec\/wp-content\/uploads\/2025\/07\/image-261-1024x577.png 1024w, https:\/\/elmercuriomanta.ec\/wp-content\/uploads\/2025\/07\/image-261-300x169.png 300w, https:\/\/elmercuriomanta.ec\/wp-content\/uploads\/2025\/07\/image-261-768x433.png 768w, https:\/\/elmercuriomanta.ec\/wp-content\/uploads\/2025\/07\/image-261.png 1045w\" sizes=\"(max-width: 1024px) 100vw, 1024px\" \/><\/figure>\n\n\n\n<p>El 28 de julio se presentar\u00e1n pruebas sustentadas en el testimonio de Daniel Salcedo, reo condenado por corrupci\u00f3n. Ante esto, Xavier Jordan solicit\u00f3 comparecer ese mismo d\u00eda ante la Comisi\u00f3n para ejercer su derecho a la r\u00e9plica, refutar lo que califica como una \u201cfarsa\u201d y exponer lo que asegura son las verdaderas estructuras de corrupci\u00f3n que operan en los hospitales p\u00fablicos del pa\u00eds. <br><\/p>\n\n\n\n<p>\u201cEmpezamos por el IESS Manta: Publio V\u00e1squez y Daniel Calder\u00f3n\u201d, se\u00f1al\u00f3, apuntando directamente a presuntas irregularidades en el sistema de salud.<\/p>\n\n\n\n<figure class=\"wp-block-embed is-type-rich is-provider-twitter wp-block-embed-twitter\"><div class=\"wp-block-embed__wrapper\">\n<blockquote class=\"twitter-tweet\" data-width=\"550\" data-dnt=\"true\"><p lang=\"es\" dir=\"ltr\">Ecuador !!  \ud83d\udea8\ud83d\udea8<br><br>El presidente de la Comisi\u00f3n de Fiscalizaci\u00f3n ha anunciado que el lunes 28 de julio se presentar\u00e1n pruebas basadas en el testimonio de un reo condenado por corrupci\u00f3n.<br><br>Solicito comparecer ese mismo d\u00eda ante la Comisi\u00f3n para ejercer mi derecho a la r\u00e9plica,\u2026 <a href=\"https:\/\/t.co\/EwyxWjXYWl\">pic.twitter.com\/EwyxWjXYWl<\/a><\/p>&mdash; Xavier Jordan (@XavierJordanM) <a href=\"https:\/\/twitter.com\/XavierJordanM\/status\/1948556090683392477?ref_src=twsrc%5Etfw\">July 25, 2025<\/a><\/blockquote><script async src=\"https:\/\/platform.twitter.com\/widgets.js\" charset=\"utf-8\"><\/script>\n<\/div><\/figure>\n\n\n\n<p>Asimismo, advirti\u00f3 que no permitir\u00e1 que la Asamblea Nacional se utilice como plataforma para un \u201clinchamiento pol\u00edtico sin pruebas\u201d y exigi\u00f3 el mismo derecho que se le concedi\u00f3 anteriormente al sentenciado Daniel Salcedo, quien tambi\u00e9n rindi\u00f3 versi\u00f3n ante la Comisi\u00f3n.<\/p>\n\n\n\n<p>\u201c\u00a1Yo s\u00ed tengo pruebas y no montajes!\u201d, enfatiz\u00f3, anticipando que presentar\u00e1 documentos para sustentar sus denuncias.<\/p>\n","protected":false},"excerpt":{"rendered":"<p>El 28 de julio se presentar\u00e1n pruebas sustentadas en el testimonio de Daniel Salcedo, reo condenado por corrupci\u00f3n. Ante esto, Xavier Jordan solicit\u00f3 comparecer ese mismo d\u00eda ante la Comisi\u00f3n para ejercer su derecho a la r\u00e9plica, refutar lo que califica como una \u201cfarsa\u201d y exponer lo que asegura son las verdaderas estructuras de corrupci\u00f3n que operan en los hospitales p\u00fablicos del pa\u00eds. <\/p>\n","protected":false},"author":14,"featured_media":48694,"comment_status":"open","ping_status":"open","sticky":false,"template":"","format":"standard","meta":{"footnotes":""},"categories":[20,83,1],"tags":[23],"class_list":["post-48690","post","type-post","status-publish","format-standard","has-post-thumbnail","hentry","category-portada-2","category-sucesos","category-uncategorized","tag-ecuador"],"_links":{"self":[{"href":"https:\/\/elmercuriomanta.ec\/index.php\/wp-json\/wp\/v2\/posts\/48690","targetHints":{"allow":["GET"]}}],"collection":[{"href":"https:\/\/elmercuriomanta.ec\/index.php\/wp-json\/wp\/v2\/posts"}],"about":[{"href":"https:\/\/elmercuriomanta.ec\/index.php\/wp-json\/wp\/v2\/types\/post"}],"author":[{"embeddable":true,"href":"https:\/\/elmercuriomanta.ec\/index.php\/wp-json\/wp\/v2\/users\/14"}],"replies":[{"embeddable":true,"href":"https:\/\/elmercuriomanta.ec\/index.php\/wp-json\/wp\/v2\/comments?post=48690"}],"version-history":[{"count":3,"href":"https:\/\/elmercuriomanta.ec\/index.php\/wp-json\/wp\/v2\/posts\/48690\/revisions"}],"predecessor-version":[{"id":48696,"href":"https:\/\/elmercuriomanta.ec\/index.php\/wp-json\/wp\/v2\/posts\/48690\/revisions\/48696"}],"wp:featuredmedia":[{"embeddable":true,"href":"https:\/\/elmercuriomanta.ec\/index.php\/wp-json\/wp\/v2\/media\/48694"}],"wp:attachment":[{"href":"https:\/\/elmercuriomanta.ec\/index.php\/wp-json\/wp\/v2\/media?parent=48690"}],"wp:term":[{"taxonomy":"category","embeddable":true,"href":"https:\/\/elmercuriomanta.ec\/index.php\/wp-json\/wp\/v2\/categories?post=48690"},{"taxonomy":"post_tag","embeddable":true,"href":"https:\/\/elmercuriomanta.ec\/index.php\/wp-json\/wp\/v2\/tags?post=48690"}],"curies":[{"name":"wp","href":"https:\/\/api.w.org\/{rel}","templated":true}]}}