{"id":48684,"date":"2025-07-25T09:38:13","date_gmt":"2025-07-25T14:38:13","guid":{"rendered":"https:\/\/elmercuriomanta.ec\/?p=48684"},"modified":"2025-07-25T09:51:09","modified_gmt":"2025-07-25T14:51:09","slug":"48684","status":"publish","type":"post","link":"https:\/\/elmercuriomanta.ec\/index.php\/2025\/07\/25\/48684\/","title":{"rendered":"\u00a0Ecuador planea deportar a reos colombianos : Colombia negocia retorno"},"content":{"rendered":"\n<figure class=\"wp-block-image aligncenter size-full is-resized\"><img fetchpriority=\"high\" decoding=\"async\" width=\"480\" height=\"270\" src=\"https:\/\/elmercuriomanta.ec\/wp-content\/uploads\/2025\/07\/image-260.png\" alt=\"\" class=\"wp-image-48687\" style=\"width:332px;height:auto\" srcset=\"https:\/\/elmercuriomanta.ec\/wp-content\/uploads\/2025\/07\/image-260.png 480w, https:\/\/elmercuriomanta.ec\/wp-content\/uploads\/2025\/07\/image-260-300x169.png 300w\" sizes=\"(max-width: 480px) 100vw, 480px\" \/><\/figure>\n\n\n\n<p>El Ministerio de Relaciones Exteriores de Colombia inform\u00f3  que el Gobierno de Ecuador ha comunicado oficialmente su intenci\u00f3n de iniciar, bajo su ordenamiento jur\u00eddico, un proceso de deportaci\u00f3n de ciudadanos colombianos que se encuentran privados de la libertad en distintos centros penitenciarios de ese pa\u00eds.<\/p>\n\n\n\n<figure class=\"wp-block-embed is-type-rich is-provider-twitter wp-block-embed-twitter\"><div class=\"wp-block-embed__wrapper\">\n<blockquote class=\"twitter-tweet\" data-width=\"550\" data-dnt=\"true\"><p lang=\"es\" dir=\"ltr\">El Ministerio de Relaciones Exteriores de Colombia se permite informar a la opini\u00f3n p\u00fablica que el Gobierno de Ecuador ha transmitido al Gobierno de Colombia su prop\u00f3sito de dar inicio, en el marco de su ordenamiento jur\u00eddico, a un proceso de deportaci\u00f3n de colombianos privados\u2026 <a href=\"https:\/\/t.co\/dZn1clLQvH\">pic.twitter.com\/dZn1clLQvH<\/a><\/p>&mdash; Canciller\u00eda Colombia (@CancilleriaCol) <a href=\"https:\/\/twitter.com\/CancilleriaCol\/status\/1948543560829092267?ref_src=twsrc%5Etfw\">July 25, 2025<\/a><\/blockquote><script async src=\"https:\/\/platform.twitter.com\/widgets.js\" charset=\"utf-8\"><\/script>\n<\/div><\/figure>\n\n\n\n<p>Seg\u00fan el comunicado, en un marco de cooperaci\u00f3n bilateral, el Gobierno de Colombia ya adelanta gestiones diplom\u00e1ticas para acordar un procedimiento que garantice condiciones dignas para el traslado de los connacionales, as\u00ed como principios de seguridad, orden y regularidad, conforme a los lineamientos migratorios de ambos Estados.<\/p>\n\n\n\n<p>Con esta medida, la Canciller\u00eda colombiana destac\u00f3 que se reafirma el compromiso del Gobierno de Colombia con la protecci\u00f3n humanitaria y la atenci\u00f3n prioritaria a los migrantes, como parte fundamental de su pol\u00edtica exterior.<\/p>\n","protected":false},"excerpt":{"rendered":"<p>El Ministerio de Relaciones Exteriores de Colombia inform\u00f3  que el Gobierno de Ecuador ha comunicado oficialmente su intenci\u00f3n de iniciar, bajo su ordenamiento jur\u00eddico, un proceso de deportaci\u00f3n de ciudadanos colombianos que se encuentran privados de la libertad en distintos centros penitenciarios de ese pa\u00eds.<\/p>\n","protected":false},"author":14,"featured_media":48687,"comment_status":"open","ping_status":"open","sticky":false,"template":"","format":"standard","meta":{"footnotes":""},"categories":[20,83,1],"tags":[23],"class_list":["post-48684","post","type-post","status-publish","format-standard","has-post-thumbnail","hentry","category-portada-2","category-sucesos","category-uncategorized","tag-ecuador"],"_links":{"self":[{"href":"https:\/\/elmercuriomanta.ec\/index.php\/wp-json\/wp\/v2\/posts\/48684","targetHints":{"allow":["GET"]}}],"collection":[{"href":"https:\/\/elmercuriomanta.ec\/index.php\/wp-json\/wp\/v2\/posts"}],"about":[{"href":"https:\/\/elmercuriomanta.ec\/index.php\/wp-json\/wp\/v2\/types\/post"}],"author":[{"embeddable":true,"href":"https:\/\/elmercuriomanta.ec\/index.php\/wp-json\/wp\/v2\/users\/14"}],"replies":[{"embeddable":true,"href":"https:\/\/elmercuriomanta.ec\/index.php\/wp-json\/wp\/v2\/comments?post=48684"}],"version-history":[{"count":2,"href":"https:\/\/elmercuriomanta.ec\/index.php\/wp-json\/wp\/v2\/posts\/48684\/revisions"}],"predecessor-version":[{"id":48688,"href":"https:\/\/elmercuriomanta.ec\/index.php\/wp-json\/wp\/v2\/posts\/48684\/revisions\/48688"}],"wp:featuredmedia":[{"embeddable":true,"href":"https:\/\/elmercuriomanta.ec\/index.php\/wp-json\/wp\/v2\/media\/48687"}],"wp:attachment":[{"href":"https:\/\/elmercuriomanta.ec\/index.php\/wp-json\/wp\/v2\/media?parent=48684"}],"wp:term":[{"taxonomy":"category","embeddable":true,"href":"https:\/\/elmercuriomanta.ec\/index.php\/wp-json\/wp\/v2\/categories?post=48684"},{"taxonomy":"post_tag","embeddable":true,"href":"https:\/\/elmercuriomanta.ec\/index.php\/wp-json\/wp\/v2\/tags?post=48684"}],"curies":[{"name":"wp","href":"https:\/\/api.w.org\/{rel}","templated":true}]}}