{"id":48568,"date":"2025-07-23T17:02:21","date_gmt":"2025-07-23T22:02:21","guid":{"rendered":"https:\/\/elmercuriomanta.ec\/?p=48568"},"modified":"2025-07-23T17:02:21","modified_gmt":"2025-07-23T22:02:21","slug":"juez-grabo-video-sexual-cuando-su-secretaria-dormia-y-lo-compartio-con-otros-jueces-juez-fue-suspendido","status":"publish","type":"post","link":"https:\/\/elmercuriomanta.ec\/index.php\/2025\/07\/23\/juez-grabo-video-sexual-cuando-su-secretaria-dormia-y-lo-compartio-con-otros-jueces-juez-fue-suspendido\/","title":{"rendered":"Juez grab\u00f3 video sexual cuando su secretar\u00eda dorm\u00eda y lo compartio con otros jueces : Juez fue suspendido"},"content":{"rendered":"\n<figure class=\"wp-block-image aligncenter size-large is-resized\"><img fetchpriority=\"high\" decoding=\"async\" width=\"1024\" height=\"682\" src=\"https:\/\/elmercuriomanta.ec\/wp-content\/uploads\/2025\/07\/GwjfbV-XcAEvPb9-1024x682.jpg\" alt=\"\" class=\"wp-image-48569\" style=\"width:314px;height:auto\" srcset=\"https:\/\/elmercuriomanta.ec\/wp-content\/uploads\/2025\/07\/GwjfbV-XcAEvPb9-1024x682.jpg 1024w, https:\/\/elmercuriomanta.ec\/wp-content\/uploads\/2025\/07\/GwjfbV-XcAEvPb9-300x200.jpg 300w, https:\/\/elmercuriomanta.ec\/wp-content\/uploads\/2025\/07\/GwjfbV-XcAEvPb9-768x512.jpg 768w, https:\/\/elmercuriomanta.ec\/wp-content\/uploads\/2025\/07\/GwjfbV-XcAEvPb9-1536x1023.jpg 1536w, https:\/\/elmercuriomanta.ec\/wp-content\/uploads\/2025\/07\/GwjfbV-XcAEvPb9.jpg 1600w\" sizes=\"(max-width: 1024px) 100vw, 1024px\" \/><\/figure>\n\n\n\n<p>El juez del Tribunal de Garant\u00edas Penales de Chone, provincia de Manab\u00ed, F.H.A.Z. fue suspendido, por tres meses y sin sueldo por el Pleno,  por presunto acoso sexual laboral que  habr\u00eda cometido en contra de una servidora judicial. <\/p>\n\n\n\n<p>El 18 de julio de 2025, una funcionaria present\u00f3 la denuncia y se\u00f1al\u00f3 que el juez le envi\u00f3, un video de contenido sexual expl\u00edcito, acompa\u00f1ado de expresiones ofensivas y mis\u00f3ginas, en WhatsApp. Tambi\u00e9n habr\u00eda sido difundido a otros funcionarios del Complejo Judicial de Chone, afectando su dignidad.<\/p>\n\n\n\n<figure class=\"wp-block-embed is-type-rich is-provider-twitter wp-block-embed-twitter\"><div class=\"wp-block-embed__wrapper\">\n<blockquote class=\"twitter-tweet\" data-width=\"550\" data-dnt=\"true\"><p lang=\"es\" dir=\"ltr\">\ud83d\udea8 | <a href=\"https:\/\/twitter.com\/hashtag\/ALaCiudadan%C3%ADa?src=hash&amp;ref_src=twsrc%5Etfw\">#ALaCiudadan\u00eda<\/a><br><br>Hemos resuelto, por unanimidad en el Pleno del <a href=\"https:\/\/twitter.com\/CJudicaturaEc?ref_src=twsrc%5Etfw\">@CJudicaturaEc<\/a>, suspender por tres meses y sin remuneraci\u00f3n al juez del Tribunal de Garant\u00edas Penales de Chone, en la provincia de Manab\u00ed, tras una denuncia por presunto acoso sexual laboral en contra de una\u2026 <a href=\"https:\/\/t.co\/WNdpt4iimg\">pic.twitter.com\/WNdpt4iimg<\/a><\/p>&mdash; Mario Godoy (@MarioGodoyEc) <a href=\"https:\/\/twitter.com\/MarioGodoyEc\/status\/1948056486493491318?ref_src=twsrc%5Etfw\">July 23, 2025<\/a><\/blockquote><script async src=\"https:\/\/platform.twitter.com\/widgets.js\" charset=\"utf-8\"><\/script>\n<\/div><\/figure>\n\n\n\n<p> La denuncia de la servidora judicial configura una posible infracci\u00f3n grav\u00edsima y se enmarca en un contexto de violencia de g\u00e9nero, por lo que el Estado tiene el deber constitucional de actuar. La medida preventiva de suspensi\u00f3n temporal busca que se desarrolle una investigaci\u00f3n imparcial y exhaustiva sin que el funcionario acusado pueda influir en el proceso o en la v\u00edctima. Inform\u00f3 el Consejo de la Judicatura.<\/p>\n\n\n\n<p><\/p>\n","protected":false},"excerpt":{"rendered":"<p>El juez del Tribunal de Garant\u00edas Penales de Chone, provincia de Manab\u00ed, F.H.A.Z. fue suspendido, por tres meses y sin sueldo por el Pleno, por presunto acoso sexual laboral que habr\u00eda cometido en contra de una servidora judicial. <\/p>\n","protected":false},"author":14,"featured_media":48569,"comment_status":"open","ping_status":"open","sticky":false,"template":"","format":"standard","meta":{"footnotes":""},"categories":[83,1],"tags":[23],"class_list":["post-48568","post","type-post","status-publish","format-standard","has-post-thumbnail","hentry","category-sucesos","category-uncategorized","tag-ecuador"],"_links":{"self":[{"href":"https:\/\/elmercuriomanta.ec\/index.php\/wp-json\/wp\/v2\/posts\/48568","targetHints":{"allow":["GET"]}}],"collection":[{"href":"https:\/\/elmercuriomanta.ec\/index.php\/wp-json\/wp\/v2\/posts"}],"about":[{"href":"https:\/\/elmercuriomanta.ec\/index.php\/wp-json\/wp\/v2\/types\/post"}],"author":[{"embeddable":true,"href":"https:\/\/elmercuriomanta.ec\/index.php\/wp-json\/wp\/v2\/users\/14"}],"replies":[{"embeddable":true,"href":"https:\/\/elmercuriomanta.ec\/index.php\/wp-json\/wp\/v2\/comments?post=48568"}],"version-history":[{"count":1,"href":"https:\/\/elmercuriomanta.ec\/index.php\/wp-json\/wp\/v2\/posts\/48568\/revisions"}],"predecessor-version":[{"id":48570,"href":"https:\/\/elmercuriomanta.ec\/index.php\/wp-json\/wp\/v2\/posts\/48568\/revisions\/48570"}],"wp:featuredmedia":[{"embeddable":true,"href":"https:\/\/elmercuriomanta.ec\/index.php\/wp-json\/wp\/v2\/media\/48569"}],"wp:attachment":[{"href":"https:\/\/elmercuriomanta.ec\/index.php\/wp-json\/wp\/v2\/media?parent=48568"}],"wp:term":[{"taxonomy":"category","embeddable":true,"href":"https:\/\/elmercuriomanta.ec\/index.php\/wp-json\/wp\/v2\/categories?post=48568"},{"taxonomy":"post_tag","embeddable":true,"href":"https:\/\/elmercuriomanta.ec\/index.php\/wp-json\/wp\/v2\/tags?post=48568"}],"curies":[{"name":"wp","href":"https:\/\/api.w.org\/{rel}","templated":true}]}}