{"id":48431,"date":"2025-07-22T11:36:32","date_gmt":"2025-07-22T16:36:32","guid":{"rendered":"https:\/\/elmercuriomanta.ec\/?p=48431"},"modified":"2025-07-22T12:10:02","modified_gmt":"2025-07-22T17:10:02","slug":"reimberg-revela-mafias-manejan-agencias-de-transito-mientras-municipios-las-entregan-sin-mover-un-dedo","status":"publish","type":"post","link":"https:\/\/elmercuriomanta.ec\/index.php\/2025\/07\/22\/reimberg-revela-mafias-manejan-agencias-de-transito-mientras-municipios-las-entregan-sin-mover-un-dedo\/","title":{"rendered":"Reimberg revela: Mafias manejan Agencias de Tr\u00e1nsito mientras Municipios las entregan sin mover un dedo"},"content":{"rendered":"\n<figure class=\"wp-block-image aligncenter size-large is-resized\"><img fetchpriority=\"high\" decoding=\"async\" width=\"1024\" height=\"514\" src=\"https:\/\/elmercuriomanta.ec\/wp-content\/uploads\/2025\/07\/WhatsApp-Image-2025-07-22-at-11.57.40-1024x514.jpeg\" alt=\"\" class=\"wp-image-48438\" style=\"width:435px;height:auto\" srcset=\"https:\/\/elmercuriomanta.ec\/wp-content\/uploads\/2025\/07\/WhatsApp-Image-2025-07-22-at-11.57.40-1024x514.jpeg 1024w, https:\/\/elmercuriomanta.ec\/wp-content\/uploads\/2025\/07\/WhatsApp-Image-2025-07-22-at-11.57.40-300x151.jpeg 300w, https:\/\/elmercuriomanta.ec\/wp-content\/uploads\/2025\/07\/WhatsApp-Image-2025-07-22-at-11.57.40-768x385.jpeg 768w, https:\/\/elmercuriomanta.ec\/wp-content\/uploads\/2025\/07\/WhatsApp-Image-2025-07-22-at-11.57.40.jpeg 1170w\" sizes=\"(max-width: 1024px) 100vw, 1024px\" \/><\/figure>\n\n\n\n<p>&nbsp;El ministro del Interior, John Reimberg, revel\u00f3 este martes en entrevista con @radiosucesosec que estructuras criminales operan desde el interior de agencias de tr\u00e1nsito municipales, generando millonarios ingresos ilegales destinados a fortalecer redes delictivas.<\/p>\n\n\n\n<p>\u201cEse dinero hoy va a manos de mafias criminales que compran armamento, droga y reclutan menores\u201d, advirti\u00f3 Reimberg, refiri\u00e9ndose espec\u00edficamente a las agencias de tr\u00e1nsito de Dur\u00e1n y Manta.<\/p>\n\n\n\n<p>El ministro detall\u00f3 que familiares de alias Fito, l\u00edder de Los Choneros, manejaban directamente la Agencia de Tr\u00e1nsito de Manta. \u201cExtorsionaban con la matr\u00edcula, revisi\u00f3n vehicular, cobraban por tr\u00e1mites\u2026 vend\u00edan todo, y eso iba al bolsillo de los delincuentes\u201d, denunci\u00f3.<\/p>\n\n\n\n<p>Seg\u00fan Reimberg, en Manta se matriculaban hasta 250 veh\u00edculos diarios, a pesar de que la capacidad m\u00e1xima era de 135. \u201cVamos a llegar hasta el fondo de la ruta del dinero criminal\u201d, enfatiz\u00f3.<\/p>\n\n\n\n<p>Adem\u00e1s, critic\u00f3 la pasividad de varios municipios: \u201cDesde los m\u00e1s grandes hasta los m\u00e1s peque\u00f1os entregaron el manejo a bandas delictivas. No mueven un dedo\u201d, se\u00f1al\u00f3.<\/p>\n\n\n\n<p><\/p>\n\n\n\n<p>Finalmente, al referirse a la actual crisis de seguridad en Manta, Reimberg asegur\u00f3 que la violencia no est\u00e1 relacionada \u00fanicamente con la detenci\u00f3n de alias Fito. \u201cEl problema de seguridad en Manta no viene por la captura de Fito ni por qui\u00e9n va a ocupar su puesto. Esto se desata cuando cae la cabeza de Los Lobos, Leonardo Briones. Desde ah\u00ed empez\u00f3 esta ola de violencia. Y no solo hay dos, sino tres grupos criminales disput\u00e1ndose el territorio\u201d, concluy\u00f3.<\/p>\n","protected":false},"excerpt":{"rendered":"<p>\u00a0El ministro del Interior, John Reimberg, revel\u00f3 este martes en entrevista con @radiosucesosec que estructuras criminales operan desde el interior de agencias de tr\u00e1nsito municipales, generando millonarios ingresos ilegales destinados a fortalecer redes delictivas.<\/p>\n","protected":false},"author":14,"featured_media":48438,"comment_status":"open","ping_status":"open","sticky":false,"template":"","format":"standard","meta":{"footnotes":""},"categories":[20,1],"tags":[23],"class_list":["post-48431","post","type-post","status-publish","format-standard","has-post-thumbnail","hentry","category-portada-2","category-uncategorized","tag-ecuador"],"_links":{"self":[{"href":"https:\/\/elmercuriomanta.ec\/index.php\/wp-json\/wp\/v2\/posts\/48431","targetHints":{"allow":["GET"]}}],"collection":[{"href":"https:\/\/elmercuriomanta.ec\/index.php\/wp-json\/wp\/v2\/posts"}],"about":[{"href":"https:\/\/elmercuriomanta.ec\/index.php\/wp-json\/wp\/v2\/types\/post"}],"author":[{"embeddable":true,"href":"https:\/\/elmercuriomanta.ec\/index.php\/wp-json\/wp\/v2\/users\/14"}],"replies":[{"embeddable":true,"href":"https:\/\/elmercuriomanta.ec\/index.php\/wp-json\/wp\/v2\/comments?post=48431"}],"version-history":[{"count":6,"href":"https:\/\/elmercuriomanta.ec\/index.php\/wp-json\/wp\/v2\/posts\/48431\/revisions"}],"predecessor-version":[{"id":48441,"href":"https:\/\/elmercuriomanta.ec\/index.php\/wp-json\/wp\/v2\/posts\/48431\/revisions\/48441"}],"wp:featuredmedia":[{"embeddable":true,"href":"https:\/\/elmercuriomanta.ec\/index.php\/wp-json\/wp\/v2\/media\/48438"}],"wp:attachment":[{"href":"https:\/\/elmercuriomanta.ec\/index.php\/wp-json\/wp\/v2\/media?parent=48431"}],"wp:term":[{"taxonomy":"category","embeddable":true,"href":"https:\/\/elmercuriomanta.ec\/index.php\/wp-json\/wp\/v2\/categories?post=48431"},{"taxonomy":"post_tag","embeddable":true,"href":"https:\/\/elmercuriomanta.ec\/index.php\/wp-json\/wp\/v2\/tags?post=48431"}],"curies":[{"name":"wp","href":"https:\/\/api.w.org\/{rel}","templated":true}]}}