{"id":48387,"date":"2025-07-21T12:33:23","date_gmt":"2025-07-21T17:33:23","guid":{"rendered":"https:\/\/elmercuriomanta.ec\/?p=48387"},"modified":"2025-07-21T12:43:32","modified_gmt":"2025-07-21T17:43:32","slug":"embajada-de-ee-uu-alias-fito-pagara-por-comandar-organizacion-transnacional","status":"publish","type":"post","link":"https:\/\/elmercuriomanta.ec\/index.php\/2025\/07\/21\/embajada-de-ee-uu-alias-fito-pagara-por-comandar-organizacion-transnacional\/","title":{"rendered":"Embajada de EE.\u202fUU.: alias \u2018Fito\u2019 pagar\u00e1 por comandar organizaci\u00f3n transnacional"},"content":{"rendered":"\n<figure class=\"wp-block-image aligncenter size-large is-resized\"><img fetchpriority=\"high\" decoding=\"async\" width=\"745\" height=\"1024\" src=\"https:\/\/elmercuriomanta.ec\/wp-content\/uploads\/2025\/07\/Official_portrait_of_Secretary_Marco_Rubio_January_2025-745x1024.jpg\" alt=\"\" class=\"wp-image-48396\" style=\"width:183px;height:auto\" srcset=\"https:\/\/elmercuriomanta.ec\/wp-content\/uploads\/2025\/07\/Official_portrait_of_Secretary_Marco_Rubio_January_2025-745x1024.jpg 745w, https:\/\/elmercuriomanta.ec\/wp-content\/uploads\/2025\/07\/Official_portrait_of_Secretary_Marco_Rubio_January_2025-218x300.jpg 218w, https:\/\/elmercuriomanta.ec\/wp-content\/uploads\/2025\/07\/Official_portrait_of_Secretary_Marco_Rubio_January_2025-768x1056.jpg 768w, https:\/\/elmercuriomanta.ec\/wp-content\/uploads\/2025\/07\/Official_portrait_of_Secretary_Marco_Rubio_January_2025-1117x1536.jpg 1117w, https:\/\/elmercuriomanta.ec\/wp-content\/uploads\/2025\/07\/Official_portrait_of_Secretary_Marco_Rubio_January_2025.jpg 1200w\" sizes=\"(max-width: 745px) 100vw, 745px\" \/><figcaption class=\"wp-element-caption\">Official portrait of Secretary Marco Rubio. (Official State Department photo)<\/figcaption><\/figure>\n\n\n\n<p>La Embajada de Estados Unidos en Ecuador reiter\u00f3 este lunes su respaldo a la extradici\u00f3n de Jos\u00e9 Adolfo Mac\u00edas Villamar, alias \u2018Fito\u2019, considerado uno de los narcotraficantes m\u00e1s peligrosos de la regi\u00f3n, y asegur\u00f3 que enfrentar\u00e1 pronto a la justicia estadounidense por liderar \u201cuna despiadada organizaci\u00f3n transnacional\u201d.<\/p>\n\n\n\n<p>En un mensaje publicado en su cuenta oficial, la sede diplom\u00e1tica cit\u00f3 al Secretario Marco Rubio, quien ratific\u00f3 que el conocido cabecilla de Los Choneros ser\u00e1 procesado en cortes federales por dirigir una red criminal vinculada al tr\u00e1fico internacional de drogas y armas.<\/p>\n\n\n\n<figure class=\"wp-block-embed is-type-rich is-provider-twitter wp-block-embed-twitter\"><div class=\"wp-block-embed__wrapper\">\n<blockquote class=\"twitter-tweet\" data-width=\"550\" data-dnt=\"true\"><p lang=\"en\" dir=\"ltr\">Notorious Ecuadorian drug lord Adolfo Mac\u00edas Villamar, alias Fito, will soon face justice in the U.S. for leading a vicious transnational criminal organization. <br><br>The Trump Administration remains committed to ending the scourge of narcotrafficking and working with regional\u2026<\/p>&mdash; Secretary Marco Rubio (@SecRubio) <a href=\"https:\/\/twitter.com\/SecRubio\/status\/1947312892610773432?ref_src=twsrc%5Etfw\">July 21, 2025<\/a><\/blockquote><script async src=\"https:\/\/platform.twitter.com\/widgets.js\" charset=\"utf-8\"><\/script>\n<\/div><\/figure>\n\n\n\n<p>\u201cLa administraci\u00f3n Trump mantiene su compromiso de erradicar el flagelo del narcotr\u00e1fico y de colaborar con socios regionales como el presidente @DanielNoboaOk para hacer nuestra regi\u00f3n m\u00e1s segura y fuerte\u201d, enfatiz\u00f3 la Embajada en la red social X (antes Twitter).<\/p>\n\n\n\n<p>Alias \u2018Fito\u2019 fue trasladado a Nueva York tras permanecer pr\u00f3fugo durante varios meses y ser\u00e1 procesado por cargos federales que podr\u00edan sumar d\u00e9cadas de prisi\u00f3n. Su caso se ha convertido en s\u00edmbolo de la cooperaci\u00f3n entre Ecuador y Estados Unidos en la lucha contra el crimen organizado y las bandas narcotraficantes que operan en la regi\u00f3n.<\/p>\n","protected":false},"excerpt":{"rendered":"<p>El secretario de Estado  Marco Rubio reiter\u00f3 este lunes su respaldo a la extradici\u00f3n de Jos\u00e9 Adolfo Mac\u00edas Villamar, alias \u2018Fito\u2019, considerado uno de los narcotraficantes m\u00e1s peligrosos de la regi\u00f3n, y asegur\u00f3 que se enfrentar\u00e1 pronto a la justicia estadounidense por liderar \u201cuna despiadada organizaci\u00f3n transnacional\u201d. Adem\u00e1s, enfatiz\u00f3 que \u201c la administraci\u00f3n de Trump mantiene su compromiso de erradicar el flagelo del narcotr\u00e1fico y de colaborar con socios regionales como el presidente Daniel Noboa para hacer nuestra regi\u00f3n m\u00e1s segura y fuerte\u201d.<\/p>\n","protected":false},"author":14,"featured_media":48396,"comment_status":"open","ping_status":"open","sticky":false,"template":"","format":"standard","meta":{"footnotes":""},"categories":[21,1],"tags":[42],"class_list":["post-48387","post","type-post","status-publish","format-standard","has-post-thumbnail","hentry","category-noticia-del-dia","category-uncategorized","tag-internacional"],"_links":{"self":[{"href":"https:\/\/elmercuriomanta.ec\/index.php\/wp-json\/wp\/v2\/posts\/48387","targetHints":{"allow":["GET"]}}],"collection":[{"href":"https:\/\/elmercuriomanta.ec\/index.php\/wp-json\/wp\/v2\/posts"}],"about":[{"href":"https:\/\/elmercuriomanta.ec\/index.php\/wp-json\/wp\/v2\/types\/post"}],"author":[{"embeddable":true,"href":"https:\/\/elmercuriomanta.ec\/index.php\/wp-json\/wp\/v2\/users\/14"}],"replies":[{"embeddable":true,"href":"https:\/\/elmercuriomanta.ec\/index.php\/wp-json\/wp\/v2\/comments?post=48387"}],"version-history":[{"count":5,"href":"https:\/\/elmercuriomanta.ec\/index.php\/wp-json\/wp\/v2\/posts\/48387\/revisions"}],"predecessor-version":[{"id":48397,"href":"https:\/\/elmercuriomanta.ec\/index.php\/wp-json\/wp\/v2\/posts\/48387\/revisions\/48397"}],"wp:featuredmedia":[{"embeddable":true,"href":"https:\/\/elmercuriomanta.ec\/index.php\/wp-json\/wp\/v2\/media\/48396"}],"wp:attachment":[{"href":"https:\/\/elmercuriomanta.ec\/index.php\/wp-json\/wp\/v2\/media?parent=48387"}],"wp:term":[{"taxonomy":"category","embeddable":true,"href":"https:\/\/elmercuriomanta.ec\/index.php\/wp-json\/wp\/v2\/categories?post=48387"},{"taxonomy":"post_tag","embeddable":true,"href":"https:\/\/elmercuriomanta.ec\/index.php\/wp-json\/wp\/v2\/tags?post=48387"}],"curies":[{"name":"wp","href":"https:\/\/api.w.org\/{rel}","templated":true}]}}