{"id":48364,"date":"2025-07-21T11:59:25","date_gmt":"2025-07-21T16:59:25","guid":{"rendered":"https:\/\/elmercuriomanta.ec\/?p=48364"},"modified":"2025-07-21T11:59:25","modified_gmt":"2025-07-21T16:59:25","slug":"celular-secreto-nada-de-eso-fito-solo-guardaba-pastillas","status":"publish","type":"post","link":"https:\/\/elmercuriomanta.ec\/index.php\/2025\/07\/21\/celular-secreto-nada-de-eso-fito-solo-guardaba-pastillas\/","title":{"rendered":"\u00bfCelular secreto? nada de eso:  \u00abFito\u00bb solo guardaba pastillas"},"content":{"rendered":"\n<figure class=\"wp-block-image aligncenter size-large is-resized\"><img fetchpriority=\"high\" decoding=\"async\" width=\"1024\" height=\"512\" src=\"https:\/\/elmercuriomanta.ec\/wp-content\/uploads\/2025\/07\/image-207-1024x512.png\" alt=\"\" class=\"wp-image-48378\" style=\"width:398px;height:auto\" srcset=\"https:\/\/elmercuriomanta.ec\/wp-content\/uploads\/2025\/07\/image-207-1024x512.png 1024w, https:\/\/elmercuriomanta.ec\/wp-content\/uploads\/2025\/07\/image-207-300x150.png 300w, https:\/\/elmercuriomanta.ec\/wp-content\/uploads\/2025\/07\/image-207-768x384.png 768w, https:\/\/elmercuriomanta.ec\/wp-content\/uploads\/2025\/07\/image-207.png 1200w\" sizes=\"(max-width: 1024px) 100vw, 1024px\" \/><\/figure>\n\n\n\n<p>Este lunes, la portavoz del Gobierno,&nbsp;<strong>Carolina Jaramillo<\/strong>, asegur\u00f3 que&nbsp;<strong>Jos\u00e9 Adolfo Mac\u00edas Villamar<\/strong>,&nbsp;<strong>alias&nbsp;<\/strong><em><strong>Fito<\/strong><\/em>, portaba medicamentos en su bolsillo cuando era extraditado a <strong>Estados Unidos<\/strong>, este domingo. La aclaraci\u00f3n surge tras las especulaciones sobre la posible presencia de un&nbsp;<strong>celular<\/strong> en su pantaloneta, luego que las im\u00e1genes se viralizaran en redes sociales.<\/p>\n\n\n\n<p>\u00abLo que llevaba Fito en su bolsillo eran medicamentos. Lo que realmente nos asombra al Gobierno Nacional es que este tipo de especulaciones se tornan en temas importantes para la opini\u00f3n p\u00fablica\u00bb, mencion\u00f3 Jaramillo en su rueda de prensa semanal. \u00abHacen unas f\u00e1bulas muy creativas con respecto al bolsillo de Fito\u00bb, a\u00f1adi\u00f3.<\/p>\n\n\n\n<p><\/p>\n","protected":false},"excerpt":{"rendered":"<p>Este lunes, la portavoz del Gobierno, Carolina Jaramillo, asegur\u00f3 que Jos\u00e9 Adolfo Mac\u00edas Villamar, alias \u201cFito\u201d, portaba medicamentos en su bolsillo, cuando fue extraditado a Estados Unidos, este domingo.   La aclaraci\u00f3n surge tras las especulaciones sobre la posible presencia de un celular en su pantaloneta, luego que las im\u00e1genes se viralizaron en redes sociales.<\/p>\n","protected":false},"author":14,"featured_media":48378,"comment_status":"open","ping_status":"open","sticky":false,"template":"","format":"standard","meta":{"footnotes":""},"categories":[16,1],"tags":[91],"class_list":["post-48364","post","type-post","status-publish","format-standard","has-post-thumbnail","hentry","category-cronica","category-uncategorized","tag-cronica"],"_links":{"self":[{"href":"https:\/\/elmercuriomanta.ec\/index.php\/wp-json\/wp\/v2\/posts\/48364","targetHints":{"allow":["GET"]}}],"collection":[{"href":"https:\/\/elmercuriomanta.ec\/index.php\/wp-json\/wp\/v2\/posts"}],"about":[{"href":"https:\/\/elmercuriomanta.ec\/index.php\/wp-json\/wp\/v2\/types\/post"}],"author":[{"embeddable":true,"href":"https:\/\/elmercuriomanta.ec\/index.php\/wp-json\/wp\/v2\/users\/14"}],"replies":[{"embeddable":true,"href":"https:\/\/elmercuriomanta.ec\/index.php\/wp-json\/wp\/v2\/comments?post=48364"}],"version-history":[{"count":1,"href":"https:\/\/elmercuriomanta.ec\/index.php\/wp-json\/wp\/v2\/posts\/48364\/revisions"}],"predecessor-version":[{"id":48379,"href":"https:\/\/elmercuriomanta.ec\/index.php\/wp-json\/wp\/v2\/posts\/48364\/revisions\/48379"}],"wp:featuredmedia":[{"embeddable":true,"href":"https:\/\/elmercuriomanta.ec\/index.php\/wp-json\/wp\/v2\/media\/48378"}],"wp:attachment":[{"href":"https:\/\/elmercuriomanta.ec\/index.php\/wp-json\/wp\/v2\/media?parent=48364"}],"wp:term":[{"taxonomy":"category","embeddable":true,"href":"https:\/\/elmercuriomanta.ec\/index.php\/wp-json\/wp\/v2\/categories?post=48364"},{"taxonomy":"post_tag","embeddable":true,"href":"https:\/\/elmercuriomanta.ec\/index.php\/wp-json\/wp\/v2\/tags?post=48364"}],"curies":[{"name":"wp","href":"https:\/\/api.w.org\/{rel}","templated":true}]}}