{"id":48362,"date":"2025-07-21T11:10:20","date_gmt":"2025-07-21T16:10:20","guid":{"rendered":"https:\/\/elmercuriomanta.ec\/?p=48362"},"modified":"2025-07-21T11:10:20","modified_gmt":"2025-07-21T16:10:20","slug":"sacerdote-se-encuentra-delicado-tras-asalto-violento","status":"publish","type":"post","link":"https:\/\/elmercuriomanta.ec\/index.php\/2025\/07\/21\/sacerdote-se-encuentra-delicado-tras-asalto-violento\/","title":{"rendered":"Sacerdote Se Encuentra Delicado Tras Asalto Violento"},"content":{"rendered":"\n<figure class=\"wp-block-image aligncenter size-full is-resized\"><img fetchpriority=\"high\" decoding=\"async\" width=\"768\" height=\"561\" src=\"https:\/\/elmercuriomanta.ec\/wp-content\/uploads\/2025\/07\/image-201.png\" alt=\"\" class=\"wp-image-48365\" style=\"width:444px;height:auto\" srcset=\"https:\/\/elmercuriomanta.ec\/wp-content\/uploads\/2025\/07\/image-201.png 768w, https:\/\/elmercuriomanta.ec\/wp-content\/uploads\/2025\/07\/image-201-300x219.png 300w\" sizes=\"(max-width: 768px) 100vw, 768px\" \/><\/figure>\n\n\n\n<p>La noche del s\u00e1bado, el padre Gabriel Palacios, ex p\u00e1rroco de la iglesia de Calceta y actualmente al frente de la Parroquia La Municipal, fue v\u00edctima de un violento asalto en el sector El Junco. Seg\u00fan reportes preliminares, el  lunes 21 de julio 2025 5 sacerdotes fue interceptado por desconocidos, quienes lo agredieron y lo abandonaron en estado grave tras propinarle un golpe en la cabeza. Los atacantes se llevaron su veh\u00edculo y todas sus pertenencias personales.<\/p>\n\n\n\n<p>La comunidad cat\u00f3lica de Manab\u00ed se encuentra consternada por lo ocurrido y ha iniciado una cadena de oraci\u00f3n por la recuperaci\u00f3n del padre Gabriel, cuya salud es delicada. Familiares, feligreses y ciudadanos en general han pedido a las autoridades una pronta investigaci\u00f3n para dar con los responsables de este acto que ha conmocionado a la zona.<\/p>\n","protected":false},"excerpt":{"rendered":"<p>La noche del s\u00e1bado, el padre Gabriel Palacios, ex p\u00e1rroco de la iglesia de Calceta y actualmente al frente de la Parroquia La Municipal, fue v\u00edctima de un violento asalto en el sector El Junco. Seg\u00fan reportes preliminares, el  lunes 21 de julio 2025 5 sacerdotes fue interceptado por desconocidos, quienes lo agredieron y lo abandonaron en estado grave tras propinarle un golpe en la cabeza. Los atacantes se llevaron su veh\u00edculo y todas sus pertenencias personales.<\/p>\n<p>La comunidad cat\u00f3lica de Manab\u00ed se encuentra consternada por lo ocurrido y ha iniciado una cadena de oraci\u00f3n por la recuperaci\u00f3n del padre Gabriel, cuya salud es delicada. Familiares, feligreses y ciudadanos en general han pedido a las autoridades una pronta investigaci\u00f3n para dar con los responsables de este acto que ha conmocionado a la zona.<\/p>\n","protected":false},"author":12,"featured_media":48365,"comment_status":"open","ping_status":"open","sticky":false,"template":"","format":"standard","meta":{"footnotes":""},"categories":[1],"tags":[29],"class_list":["post-48362","post","type-post","status-publish","format-standard","has-post-thumbnail","hentry","category-uncategorized","tag-manabi"],"_links":{"self":[{"href":"https:\/\/elmercuriomanta.ec\/index.php\/wp-json\/wp\/v2\/posts\/48362","targetHints":{"allow":["GET"]}}],"collection":[{"href":"https:\/\/elmercuriomanta.ec\/index.php\/wp-json\/wp\/v2\/posts"}],"about":[{"href":"https:\/\/elmercuriomanta.ec\/index.php\/wp-json\/wp\/v2\/types\/post"}],"author":[{"embeddable":true,"href":"https:\/\/elmercuriomanta.ec\/index.php\/wp-json\/wp\/v2\/users\/12"}],"replies":[{"embeddable":true,"href":"https:\/\/elmercuriomanta.ec\/index.php\/wp-json\/wp\/v2\/comments?post=48362"}],"version-history":[{"count":1,"href":"https:\/\/elmercuriomanta.ec\/index.php\/wp-json\/wp\/v2\/posts\/48362\/revisions"}],"predecessor-version":[{"id":48366,"href":"https:\/\/elmercuriomanta.ec\/index.php\/wp-json\/wp\/v2\/posts\/48362\/revisions\/48366"}],"wp:featuredmedia":[{"embeddable":true,"href":"https:\/\/elmercuriomanta.ec\/index.php\/wp-json\/wp\/v2\/media\/48365"}],"wp:attachment":[{"href":"https:\/\/elmercuriomanta.ec\/index.php\/wp-json\/wp\/v2\/media?parent=48362"}],"wp:term":[{"taxonomy":"category","embeddable":true,"href":"https:\/\/elmercuriomanta.ec\/index.php\/wp-json\/wp\/v2\/categories?post=48362"},{"taxonomy":"post_tag","embeddable":true,"href":"https:\/\/elmercuriomanta.ec\/index.php\/wp-json\/wp\/v2\/tags?post=48362"}],"curies":[{"name":"wp","href":"https:\/\/api.w.org\/{rel}","templated":true}]}}