{"id":48357,"date":"2025-07-21T10:34:41","date_gmt":"2025-07-21T15:34:41","guid":{"rendered":"https:\/\/elmercuriomanta.ec\/?p=48357"},"modified":"2025-07-21T11:04:45","modified_gmt":"2025-07-21T16:04:45","slug":"fito-extraditado-confesara-sus-vinculos-con-maduro-el-clan-del-golfo-las-farc-y-el-grupo-de-puebla","status":"publish","type":"post","link":"https:\/\/elmercuriomanta.ec\/index.php\/2025\/07\/21\/fito-extraditado-confesara-sus-vinculos-con-maduro-el-clan-del-golfo-las-farc-y-el-grupo-de-puebla\/","title":{"rendered":"\u00abFito\u00bb extraditado: \u00bfconfesar\u00e1 sus v\u00ednculos con Maduro, el Clan del Golfo, las FARC y el Grupo de Puebla?"},"content":{"rendered":"\n<figure class=\"wp-block-image aligncenter size-full\"><img fetchpriority=\"high\" decoding=\"async\" width=\"480\" height=\"270\" src=\"https:\/\/elmercuriomanta.ec\/wp-content\/uploads\/2025\/07\/image-200.png\" alt=\"\" class=\"wp-image-48360\" srcset=\"https:\/\/elmercuriomanta.ec\/wp-content\/uploads\/2025\/07\/image-200.png 480w, https:\/\/elmercuriomanta.ec\/wp-content\/uploads\/2025\/07\/image-200-300x169.png 300w\" sizes=\"(max-width: 480px) 100vw, 480px\" \/><\/figure>\n\n\n\n<p>La extradici\u00f3n de Jos\u00e9 Adolfo Mac\u00edas Villamar, alias \u2018Fito\u2019, l\u00edder de Los Choneros, ha generado reacciones inmediatas en la esfera pol\u00edtica regional. A trav\u00e9s de un mensaje en redes sociales, se felicit\u00f3 al Gobierno del Ecuador y al presidente Daniel Noboa Az\u00edn por concretar la entrega del poderoso capo a la justicia estadounidense.<\/p>\n\n\n\n<p>\u201cFelicito al gobierno del Ecuador y al presidente @DanielNoboaOk por la extradici\u00f3n a los EE. UU. de alias FITO. Ahora esperamos que diga toda la verdad de sus alianzas con el r\u00e9gimen de Maduro, el Clan del Golfo, las FARC y el ELN, al igual que de sus aliados pol\u00edticos, que son miembros del Grupo de Puebla\u201d, se\u00f1ala la publicaci\u00f3n, que refleja la expectativa de sectores internacionales ante posibles revelaciones del narcotraficante sobre supuestas redes de apoyo pol\u00edtico y criminal a nivel continental.<\/p>\n\n\n\n<figure class=\"wp-block-embed is-type-rich is-provider-twitter wp-block-embed-twitter\"><div class=\"wp-block-embed__wrapper\">\n<blockquote class=\"twitter-tweet\" data-width=\"550\" data-dnt=\"true\"><p lang=\"es\" dir=\"ltr\">Felicito al gobierno del Ecuador y al presidente <a href=\"https:\/\/twitter.com\/DanielNoboaOk?ref_src=twsrc%5Etfw\">@DanielNoboaOk<\/a> por la extradici\u00f3n a los EE. UU. de alias FITO. Ahora esperamos que diga toda la verdad de sus alianzas con el r\u00e9gimen de Maduro, el Clan del Golfo, las FARC y el ELN, al igual que de sus aliados pol\u00edticos, que son\u2026<\/p>&mdash; Iv\u00e1n Duque \ud83c\udde8\ud83c\uddf4 (@IvanDuque) <a href=\"https:\/\/twitter.com\/IvanDuque\/status\/1947235524147663350?ref_src=twsrc%5Etfw\">July 21, 2025<\/a><\/blockquote><script async src=\"https:\/\/platform.twitter.com\/widgets.js\" charset=\"utf-8\"><\/script>\n<\/div><\/figure>\n\n\n\n<p>Alias \u2018Fito\u2019 fue capturado nuevamente en enero de este a\u00f1o, tras una fuga que puso en jaque a las autoridades ecuatorianas y aceler\u00f3 los convenios de cooperaci\u00f3n judicial con Estados Unidos. Se le investiga por liderar una de las bandas m\u00e1s violentas de Ecuador, con ramificaciones en Colombia y v\u00ednculos con c\u00e1rteles mexicanos.<\/p>\n\n\n\n<p>La justicia federal de Nueva York program\u00f3 la primera audiencia del extraditado para este lunes 21 de julio, donde se prev\u00e9 que se declare no culpable de los m\u00faltiples cargos de narcotr\u00e1fico y tr\u00e1fico de armas. Mientras tanto, sectores pol\u00edticos y de seguridad en la regi\u00f3n permanecen atentos a la informaci\u00f3n que pueda entregar a cambio de beneficios procesales en territorio estadounidense.<\/p>\n","protected":false},"excerpt":{"rendered":"<p>La extradici\u00f3n de Jos\u00e9 Adolfo Mac\u00edas Villamar, alias \u2018Fito\u2019, l\u00edder de Los Choneros, ha generado reacciones inmediatas. A trav\u00e9s de un mensaje en redes sociales, el expresidente de Colombia, Iv\u00e1n Duque, felicit\u00f3 al Gobierno del Ecuador y al presidente Daniel Noboa Az\u00edn por concretar la entrega del poderoso capo a la justicia estadounidense. Ahora esperamos que diga toda la verdad de sus alianzas con el r\u00e9gimen de Maduro, el Clan del Golfo, las FARC y el ELN, al igual que de sus aliados pol\u00edticos, que son miembros del Grupo de Puebla\u201d, se\u00f1ala en la publicaci\u00f3n.<\/p>\n","protected":false},"author":14,"featured_media":48360,"comment_status":"open","ping_status":"open","sticky":false,"template":"","format":"standard","meta":{"footnotes":""},"categories":[20,83,1],"tags":[23],"class_list":["post-48357","post","type-post","status-publish","format-standard","has-post-thumbnail","hentry","category-portada-2","category-sucesos","category-uncategorized","tag-ecuador"],"_links":{"self":[{"href":"https:\/\/elmercuriomanta.ec\/index.php\/wp-json\/wp\/v2\/posts\/48357","targetHints":{"allow":["GET"]}}],"collection":[{"href":"https:\/\/elmercuriomanta.ec\/index.php\/wp-json\/wp\/v2\/posts"}],"about":[{"href":"https:\/\/elmercuriomanta.ec\/index.php\/wp-json\/wp\/v2\/types\/post"}],"author":[{"embeddable":true,"href":"https:\/\/elmercuriomanta.ec\/index.php\/wp-json\/wp\/v2\/users\/14"}],"replies":[{"embeddable":true,"href":"https:\/\/elmercuriomanta.ec\/index.php\/wp-json\/wp\/v2\/comments?post=48357"}],"version-history":[{"count":3,"href":"https:\/\/elmercuriomanta.ec\/index.php\/wp-json\/wp\/v2\/posts\/48357\/revisions"}],"predecessor-version":[{"id":48363,"href":"https:\/\/elmercuriomanta.ec\/index.php\/wp-json\/wp\/v2\/posts\/48357\/revisions\/48363"}],"wp:featuredmedia":[{"embeddable":true,"href":"https:\/\/elmercuriomanta.ec\/index.php\/wp-json\/wp\/v2\/media\/48360"}],"wp:attachment":[{"href":"https:\/\/elmercuriomanta.ec\/index.php\/wp-json\/wp\/v2\/media?parent=48357"}],"wp:term":[{"taxonomy":"category","embeddable":true,"href":"https:\/\/elmercuriomanta.ec\/index.php\/wp-json\/wp\/v2\/categories?post=48357"},{"taxonomy":"post_tag","embeddable":true,"href":"https:\/\/elmercuriomanta.ec\/index.php\/wp-json\/wp\/v2\/tags?post=48357"}],"curies":[{"name":"wp","href":"https:\/\/api.w.org\/{rel}","templated":true}]}}