{"id":48270,"date":"2025-07-18T14:43:44","date_gmt":"2025-07-18T19:43:44","guid":{"rendered":"https:\/\/elmercuriomanta.ec\/?p=48270"},"modified":"2025-07-18T14:43:44","modified_gmt":"2025-07-18T19:43:44","slug":"luto-en-la-comunicacion-luis-alberto-barrera-gerente-propietario-de-radio-scandalo-fallece","status":"publish","type":"post","link":"https:\/\/elmercuriomanta.ec\/index.php\/2025\/07\/18\/luto-en-la-comunicacion-luis-alberto-barrera-gerente-propietario-de-radio-scandalo-fallece\/","title":{"rendered":"Luto en la comunicaci\u00f3n  : \u00a0Luis Alberto Barrera, gerente propietario de Radio Sc\u00e1ndalo fallece"},"content":{"rendered":"\n<figure class=\"wp-block-image aligncenter is-resized\"><img decoding=\"async\" src=\"https:\/\/www.eldiario.ec\/wp-content\/uploads\/2025\/07\/Confirman-la-muerte-de-Luis-Alberto-Barrera-gerente-propietario-de-Radio-Scandalo-1024x605.png\" alt=\"Confirman la muerte de Luis Alberto Barrera, gerente propietario de Radio Sc\u00e1ndalo\" style=\"width:382px;height:auto\"\/><\/figure>\n\n\n\n<p>El empresario y comunicador&nbsp;<strong>manabita Luis Alberto Barrera muri\u00f3<\/strong>&nbsp;la madrugada de este viernes, 18 de julio de 2025, en la ciudad de Portoviejo.<\/p>\n\n\n\n<p>La noticia fue recibida con consternaci\u00f3n<strong>&nbsp;por parte de la comunidad manabita<\/strong>, que lo recuerda como un aporte a su desarrollo. A lo largo de su vida destac\u00f3 en<strong>&nbsp;el mundo de la comunicaci\u00f3n,<\/strong>&nbsp;as\u00ed como en el empresarial.<\/p>\n\n\n\n<h3 class=\"wp-block-heading\">Confirman la muerte de Luis Barrera<\/h3>\n\n\n\n<p>La noticia la confirm\u00f3&nbsp;<strong>Radio Sc\u00e1ndalo,<\/strong>&nbsp;de la cual era gerente propietario, y&nbsp;<strong>Manavisi\u00f3n Plus<\/strong>&nbsp;a trav\u00e9s de Youtube, Facebook y su se\u00f1al abierta.<\/p>\n\n\n\n<p>Durante d\u00e9cadas, L<strong>uis Alberto Barrera<\/strong>&nbsp;destac\u00f3 en su rol como&nbsp;<strong>comunicador social<\/strong>&nbsp;y dirigente de la Asociaci\u00f3n Ecuatoriana de Radiodifusi\u00f3n&nbsp;<strong>(AER Nacional).<\/strong>&nbsp;Esto lo convirti\u00f3 en un ciudadano reconocido y muy apreciado por la comunidad, que ahora lo recuerda con respeto.<\/p>\n\n\n\n<p>Adem\u00e1s, resalt\u00f3 como empresario, siendo el&nbsp;<strong>presidente ejecutivo de Barrrasa S.A.<\/strong><\/p>\n\n\n\n<h3 class=\"wp-block-heading\">Dolor por el deceso del empresario manabita<\/h3>\n\n\n\n<p>\u201cCon mucho dolor informamos a nuestros oyentes&nbsp;<strong>el sensible fallecimiento de el Dr. Luis Alberto Barrera Cabrera,<\/strong>&nbsp;Presidente ejecutivo de la familia Barrerasa, miembro destacado de Radio Sc\u00e1ndalo 103.7FM, Radio Rumba Manabita y Sc\u00e1ndalo TV\u201d, anunci\u00f3 Radio Sc\u00e1ndalo a trav\u00e9s de su perfil de Facebook.<\/p>\n\n\n\n<p>A trav\u00e9s de redes sociales, diversos&nbsp;<strong>comunicadores y dirigentes manabitas<\/strong>&nbsp;tambi\u00e9n han expresado su pesar por el deceso de Luis Barrera. Adem\u00e1s, destacaron sus aportes a la comunicaci\u00f3n y el&nbsp;<strong>desarrollo de la provincia.<\/strong><\/p>\n\n\n\n<p><strong>\u201c<\/strong>La radiodifusi\u00f3n de mi provincia y del pa\u00eds pierde a uno de<strong>&nbsp;los grandes comunicadores y empresarios<\/strong>\u201c, escribi\u00f3 el periodista manabita Ram\u00f3n Morales.&nbsp; \u201c<strong>Su partida deja un vac\u00edo inmenso<\/strong>&nbsp;en quienes tuvimos la dicha de conocerlo, pero tambi\u00e9n una huella imborrable en nuestras vidas. En lo personal, siempre estar\u00e9 agradecido por su confianza y apoyo, pues fue \u00e9l quien&nbsp;<strong>me abri\u00f3 las puertas<\/strong>&nbsp;para formar parte del mundo de la comunicaci\u00f3n\u201d, indic\u00f3 por su parte el tambi\u00e9n comunicador Manuel Alejandro Cabrera.<\/p>\n\n\n\n<p>Al momento se espera informaci\u00f3n sobre sus<strong>&nbsp;honras f\u00fanebres y sepelio.<\/strong>&nbsp;Por otra parte, no se especificaron los detalles de su deceso. Sin embargo, se conoci\u00f3 que se dio por motivos de salud, sin mayores detalles. (13).<\/p>\n","protected":false},"excerpt":{"rendered":"<p>El empresario y comunicador&nbsp;manabita Luis Alberto Barrera muri\u00f3&nbsp;la madrugada de este viernes, 18 de julio de 2025, en la ciudad de Portoviejo. La noticia fue recibida con consternaci\u00f3n&nbsp;por parte de la comunidad manabita, que lo recuerda como un aporte a su desarrollo. A lo largo de su vida destac\u00f3 en&nbsp;el mundo de la comunicaci\u00f3n,&nbsp;as\u00ed como [&hellip;]<\/p>\n","protected":false},"author":14,"featured_media":0,"comment_status":"open","ping_status":"open","sticky":false,"template":"","format":"standard","meta":{"footnotes":""},"categories":[1],"tags":[],"class_list":["post-48270","post","type-post","status-publish","format-standard","hentry","category-uncategorized"],"_links":{"self":[{"href":"https:\/\/elmercuriomanta.ec\/index.php\/wp-json\/wp\/v2\/posts\/48270","targetHints":{"allow":["GET"]}}],"collection":[{"href":"https:\/\/elmercuriomanta.ec\/index.php\/wp-json\/wp\/v2\/posts"}],"about":[{"href":"https:\/\/elmercuriomanta.ec\/index.php\/wp-json\/wp\/v2\/types\/post"}],"author":[{"embeddable":true,"href":"https:\/\/elmercuriomanta.ec\/index.php\/wp-json\/wp\/v2\/users\/14"}],"replies":[{"embeddable":true,"href":"https:\/\/elmercuriomanta.ec\/index.php\/wp-json\/wp\/v2\/comments?post=48270"}],"version-history":[{"count":2,"href":"https:\/\/elmercuriomanta.ec\/index.php\/wp-json\/wp\/v2\/posts\/48270\/revisions"}],"predecessor-version":[{"id":48273,"href":"https:\/\/elmercuriomanta.ec\/index.php\/wp-json\/wp\/v2\/posts\/48270\/revisions\/48273"}],"wp:attachment":[{"href":"https:\/\/elmercuriomanta.ec\/index.php\/wp-json\/wp\/v2\/media?parent=48270"}],"wp:term":[{"taxonomy":"category","embeddable":true,"href":"https:\/\/elmercuriomanta.ec\/index.php\/wp-json\/wp\/v2\/categories?post=48270"},{"taxonomy":"post_tag","embeddable":true,"href":"https:\/\/elmercuriomanta.ec\/index.php\/wp-json\/wp\/v2\/tags?post=48270"}],"curies":[{"name":"wp","href":"https:\/\/api.w.org\/{rel}","templated":true}]}}