{"id":4821,"date":"2023-08-30T09:23:20","date_gmt":"2023-08-30T14:23:20","guid":{"rendered":"https:\/\/elmercuriomanta.ec\/?p=4821"},"modified":"2023-08-30T09:23:20","modified_gmt":"2023-08-30T14:23:20","slug":"una-mujer-fue-sentenciada-a-tres-anos-por-asfixiar-a-un-perro","status":"publish","type":"post","link":"https:\/\/elmercuriomanta.ec\/index.php\/2023\/08\/30\/una-mujer-fue-sentenciada-a-tres-anos-por-asfixiar-a-un-perro\/","title":{"rendered":"Una mujer fue sentenciada a tres a\u00f1os por asfixiar a un perro"},"content":{"rendered":"\n<figure class=\"wp-block-image aligncenter size-full is-resized\"><img fetchpriority=\"high\" decoding=\"async\" src=\"https:\/\/elmercuriomanta.ec\/wp-content\/uploads\/2023\/08\/image-231.png\" alt=\"\" class=\"wp-image-4822\" style=\"width:422px;height:237px\" width=\"422\" height=\"237\" srcset=\"https:\/\/elmercuriomanta.ec\/wp-content\/uploads\/2023\/08\/image-231.png 585w, https:\/\/elmercuriomanta.ec\/wp-content\/uploads\/2023\/08\/image-231-300x169.png 300w\" sizes=\"(max-width: 422px) 100vw, 422px\" \/><\/figure>\n\n\n\n<p>Un precedente hist\u00f3rico se dio, este martes 29 de agosto de 2023, luego de que una mujer fuera sentenciada a tres a\u00f1os de pena privativa de la libertad por matar a un perro en Quito. As\u00ed lo inform\u00f3 la organizaci\u00f3n Una pata de Esperanza, la cual se dedica a promover la protecci\u00f3n y el bienestar animal. La mascota se llamaba Spayk y su muerte ocurri\u00f3, el 17 de noviembre de 2022, en el barrio San Carlos del Sur de la parroquia La Argelia.<\/p>\n\n\n\n<p>El hecho incluso qued\u00f3 registrado en un video que se difundi\u00f3 masivamente en las redes sociales, por lo que intervino la Unidad de Bienestar Animal (UBA) del Municipio: En la grabaci\u00f3n se observaba c\u00f3mo el can era asfixiado tras suspenderlo con una soga en el tronco de un \u00e1rbol. El hecho caus\u00f3 indignaci\u00f3n y se activaron los equipos de la UBA, cuyos inspectores se contactaron con los moradores de ese vecindario, quienes mencionaron que el tutor de Spayk, de 1 a\u00f1o y 7 meses, sali\u00f3 de la ciudad por algunos d\u00edas y los familiares se quedaron al cuidado.<\/p>\n\n\n\n<p>\u201cA las 11:00, yo estaba con el perrito en el patio y en alg\u00fan momento entr\u00e9 al cuarto, cuando sal\u00ed empec\u00e9 a escuchar como que chillaba, entonces yo corr\u00ed a la terraza de mi abuelita y le vi al perro colgado que ya no iba a reaccionar, yo no sab\u00eda qu\u00e9 hacer, cog\u00ed y le tom\u00e9 la foto y me baj\u00e9 a avisarle a mi familia\u201d, mencion\u00f3 un familiar.<\/p>\n\n\n\n<p>La abogada Marianella Irigoyen, exsecretaria de Ambiente Quito y coordinadora nacional de la ONG Animal Libre Ecuador, sigui\u00f3 el caso de cerca y celebr\u00f3 que se haya hecho justicia. \u00abEstamos muy emocionados porque es una sentencia que marca un precedente, un antes y un despu\u00e9s (&#8230;) Es la primera vez que, en Ecuador, una jueza da tres a\u00f1os de prisi\u00f3n por la muerte de un animal que pertenece a la fauna urbana\u00bb.<\/p>\n\n\n\n<p>La organizaci\u00f3n Una pata de Esperanza indic\u00f3 que se hizo todos los esfuerzos para que la muerte de Spayk no quede en la impunidad, \u00abpara que este y muchos casos de maltrato animal nunca m\u00e1s vuelvan a suceder, hoy es un d\u00eda especial para el pa\u00eds y los animales, hoy es el d\u00eda en que le dijimos a los agresores \u00a1No mas! \u00a1No al Maltrato Animal!\u00bb. Se sentenci\u00f3:<\/p>\n\n\n\n<p>\u2022 Tres a\u00f1os de pena privativa de la libertad.<\/p>\n\n\n\n<p>\u2022 Disculpas p\u00fablicas en un medio de comunicaci\u00f3n.<\/p>\n\n\n\n<p>\u2022 Reparaci\u00f3n integral a los tutores.<\/p>\n\n\n\n<p>\u2022 Tratamiento psicol\u00f3gico para la agresora.<\/p>\n\n\n\n<p>\u2022 Prohibici\u00f3n de tenencia animales de compa\u00f1\u00eda.<\/p>\n\n\n\n<div class=\"wp-block-essential-blocks-social\"><div class=\"eb-parent-wrapper eb-parent-eb-social-links-rui07hk \"><div class=\"eb-social-links-rui07hk eb-social-links-wrapper\"><ul class=\"eb-socials\"><li><a class=\"facebook-f-original  \" href=\"\/\/www.facebook.com\/YoSoyElMercurio\/?locale=es_LA\" target=\"_blank\" rel=\"noopener\"><i class=\"hvr-icon eb-social-icon fab fa-facebook-f\"><\/i><\/a><\/li><li><a class=\"twitter-original  \" href=\"\/\/twitter.com\/elmercuriomanta\" target=\"_blank\" rel=\"noopener\"><i class=\"hvr-icon eb-social-icon fab fa-twitter\"><\/i><\/a><\/li><li><a class=\"instagram-original  \" href=\"\/\/www.instagram.com\/elmercuriomanta\/?hl=es\" target=\"_blank\" rel=\"noopener\"><i class=\"hvr-icon eb-social-icon fab fa-instagram\"><\/i><\/a><\/li><\/ul><\/div><\/div><\/div>\n","protected":false},"excerpt":{"rendered":"<p>Un precedente hist\u00f3rico se dio, este martes 29 de agosto de 2023, luego de que una mujer fuera sentenciada a tres a\u00f1os de pena privativa de la libertad por matar a un perro en Quito. As\u00ed lo inform\u00f3 la organizaci\u00f3n Una pata de Esperanza, la cual se dedica a promover la protecci\u00f3n y el bienestar animal. La mascota se llamaba Spayk y su muerte ocurri\u00f3, el 17 de noviembre de 2022, en el barrio San Carlos del Sur de la parroquia La Argelia.<\/p>\n","protected":false},"author":12,"featured_media":4822,"comment_status":"open","ping_status":"open","sticky":false,"template":"","format":"standard","meta":{"footnotes":""},"categories":[16],"tags":[],"class_list":["post-4821","post","type-post","status-publish","format-standard","has-post-thumbnail","hentry","category-cronica"],"_links":{"self":[{"href":"https:\/\/elmercuriomanta.ec\/index.php\/wp-json\/wp\/v2\/posts\/4821","targetHints":{"allow":["GET"]}}],"collection":[{"href":"https:\/\/elmercuriomanta.ec\/index.php\/wp-json\/wp\/v2\/posts"}],"about":[{"href":"https:\/\/elmercuriomanta.ec\/index.php\/wp-json\/wp\/v2\/types\/post"}],"author":[{"embeddable":true,"href":"https:\/\/elmercuriomanta.ec\/index.php\/wp-json\/wp\/v2\/users\/12"}],"replies":[{"embeddable":true,"href":"https:\/\/elmercuriomanta.ec\/index.php\/wp-json\/wp\/v2\/comments?post=4821"}],"version-history":[{"count":1,"href":"https:\/\/elmercuriomanta.ec\/index.php\/wp-json\/wp\/v2\/posts\/4821\/revisions"}],"predecessor-version":[{"id":4823,"href":"https:\/\/elmercuriomanta.ec\/index.php\/wp-json\/wp\/v2\/posts\/4821\/revisions\/4823"}],"wp:featuredmedia":[{"embeddable":true,"href":"https:\/\/elmercuriomanta.ec\/index.php\/wp-json\/wp\/v2\/media\/4822"}],"wp:attachment":[{"href":"https:\/\/elmercuriomanta.ec\/index.php\/wp-json\/wp\/v2\/media?parent=4821"}],"wp:term":[{"taxonomy":"category","embeddable":true,"href":"https:\/\/elmercuriomanta.ec\/index.php\/wp-json\/wp\/v2\/categories?post=4821"},{"taxonomy":"post_tag","embeddable":true,"href":"https:\/\/elmercuriomanta.ec\/index.php\/wp-json\/wp\/v2\/tags?post=4821"}],"curies":[{"name":"wp","href":"https:\/\/api.w.org\/{rel}","templated":true}]}}