{"id":48204,"date":"2025-07-17T17:47:29","date_gmt":"2025-07-17T22:47:29","guid":{"rendered":"https:\/\/elmercuriomanta.ec\/?p=48204"},"modified":"2025-07-17T17:59:45","modified_gmt":"2025-07-17T22:59:45","slug":"horror-en-jaramijo-hermanos-asesinados-frente-a-su-hogar","status":"publish","type":"post","link":"https:\/\/elmercuriomanta.ec\/index.php\/2025\/07\/17\/horror-en-jaramijo-hermanos-asesinados-frente-a-su-hogar\/","title":{"rendered":"Horror en Jaramij\u00f3: dos hermanos fueron asesinados"},"content":{"rendered":"\n<figure class=\"wp-block-image aligncenter size-large is-resized\"><img fetchpriority=\"high\" decoding=\"async\" width=\"1024\" height=\"768\" src=\"https:\/\/elmercuriomanta.ec\/wp-content\/uploads\/2025\/07\/520227996_1188162370019210_7271861027079301183_n-1024x768.jpg\" alt=\"\" class=\"wp-image-48207\" style=\"width:446px;height:auto\" srcset=\"https:\/\/elmercuriomanta.ec\/wp-content\/uploads\/2025\/07\/520227996_1188162370019210_7271861027079301183_n-1024x768.jpg 1024w, https:\/\/elmercuriomanta.ec\/wp-content\/uploads\/2025\/07\/520227996_1188162370019210_7271861027079301183_n-300x225.jpg 300w, https:\/\/elmercuriomanta.ec\/wp-content\/uploads\/2025\/07\/520227996_1188162370019210_7271861027079301183_n-768x576.jpg 768w, https:\/\/elmercuriomanta.ec\/wp-content\/uploads\/2025\/07\/520227996_1188162370019210_7271861027079301183_n.jpg 1440w\" sizes=\"(max-width: 1024px) 100vw, 1024px\" \/><\/figure>\n\n\n\n<p>Los hermanos Javier y Adri\u00e1n Hern\u00e1ndez Rosado,  fueron asesinados la tarde de este jueves en el sector Rafael Correa del cant\u00f3n Jaramij\u00f3.<\/p>\n\n\n\n<p>Seg\u00fan informaci\u00f3n preliminar, sujetos armados interceptaron a los hermanos en la v\u00eda p\u00fablica, quedando tendidos en el lugar, mientras vecinos, alarmados por las detonaciones, dieron aviso a la Polic\u00eda Nacional.<\/p>\n\n\n\n<p>Agentes de Criminal\u00edstica acordonaron la escena y recopilaron indicios bal\u00edsticos para esclarecer el hecho. Hasta el momento se desconocen los posibles m\u00f3viles del ataque, pero no se descarta que est\u00e9 relacionado con disputas entre bandas o ajustes de cuentas.<\/p>\n\n\n\n<p>Moradores del sector Rafael Correa expresaron su temor por el aumento de la violencia en Jaramij\u00f3 y exigieron mayor presencia policial para frenar la ola de cr\u00edmenes que golpea la zona.<\/p>\n\n\n\n<p><\/p>\n","protected":false},"excerpt":{"rendered":"<p>Los hermanos Javier y Adri\u00e1n Hern\u00e1ndez Rosado,  fueron asesinados la tarde de este jueves en el sector Rafael Correa del cant\u00f3n Jaramij\u00f3.<\/p>\n","protected":false},"author":14,"featured_media":48207,"comment_status":"open","ping_status":"open","sticky":false,"template":"","format":"standard","meta":{"footnotes":""},"categories":[16,1],"tags":[91],"class_list":["post-48204","post","type-post","status-publish","format-standard","has-post-thumbnail","hentry","category-cronica","category-uncategorized","tag-cronica"],"_links":{"self":[{"href":"https:\/\/elmercuriomanta.ec\/index.php\/wp-json\/wp\/v2\/posts\/48204","targetHints":{"allow":["GET"]}}],"collection":[{"href":"https:\/\/elmercuriomanta.ec\/index.php\/wp-json\/wp\/v2\/posts"}],"about":[{"href":"https:\/\/elmercuriomanta.ec\/index.php\/wp-json\/wp\/v2\/types\/post"}],"author":[{"embeddable":true,"href":"https:\/\/elmercuriomanta.ec\/index.php\/wp-json\/wp\/v2\/users\/14"}],"replies":[{"embeddable":true,"href":"https:\/\/elmercuriomanta.ec\/index.php\/wp-json\/wp\/v2\/comments?post=48204"}],"version-history":[{"count":3,"href":"https:\/\/elmercuriomanta.ec\/index.php\/wp-json\/wp\/v2\/posts\/48204\/revisions"}],"predecessor-version":[{"id":48208,"href":"https:\/\/elmercuriomanta.ec\/index.php\/wp-json\/wp\/v2\/posts\/48204\/revisions\/48208"}],"wp:featuredmedia":[{"embeddable":true,"href":"https:\/\/elmercuriomanta.ec\/index.php\/wp-json\/wp\/v2\/media\/48207"}],"wp:attachment":[{"href":"https:\/\/elmercuriomanta.ec\/index.php\/wp-json\/wp\/v2\/media?parent=48204"}],"wp:term":[{"taxonomy":"category","embeddable":true,"href":"https:\/\/elmercuriomanta.ec\/index.php\/wp-json\/wp\/v2\/categories?post=48204"},{"taxonomy":"post_tag","embeddable":true,"href":"https:\/\/elmercuriomanta.ec\/index.php\/wp-json\/wp\/v2\/tags?post=48204"}],"curies":[{"name":"wp","href":"https:\/\/api.w.org\/{rel}","templated":true}]}}