{"id":48168,"date":"2025-07-17T11:32:45","date_gmt":"2025-07-17T16:32:45","guid":{"rendered":"https:\/\/elmercuriomanta.ec\/?p=48168"},"modified":"2025-07-17T11:32:45","modified_gmt":"2025-07-17T16:32:45","slug":"tribunal-cierra-caso-samara-rivera-no-ira-a-la-carcel-tras-ser-liberada-de-cargos","status":"publish","type":"post","link":"https:\/\/elmercuriomanta.ec\/index.php\/2025\/07\/17\/tribunal-cierra-caso-samara-rivera-no-ira-a-la-carcel-tras-ser-liberada-de-cargos\/","title":{"rendered":"Tribunal cierra caso : Samara Rivera no ir\u00e1 a la c\u00e1rcel tras ser liberada de cargos"},"content":{"rendered":"\n<figure class=\"wp-block-image aligncenter size-full is-resized\"><img fetchpriority=\"high\" decoding=\"async\" width=\"1024\" height=\"683\" src=\"https:\/\/elmercuriomanta.ec\/wp-content\/uploads\/2025\/07\/image-163.png\" alt=\"\" class=\"wp-image-48169\" style=\"width:260px;height:auto\" srcset=\"https:\/\/elmercuriomanta.ec\/wp-content\/uploads\/2025\/07\/image-163.png 1024w, https:\/\/elmercuriomanta.ec\/wp-content\/uploads\/2025\/07\/image-163-300x200.png 300w, https:\/\/elmercuriomanta.ec\/wp-content\/uploads\/2025\/07\/image-163-768x512.png 768w\" sizes=\"(max-width: 1024px) 100vw, 1024px\" \/><\/figure>\n\n\n\n<p>Este mi\u00e9rcoles, el Tribunal de Justicia de Guayas, por unanimidad, tom\u00f3 la decisi\u00f3n de prescribir la acci\u00f3n legal que comenz\u00f3 en abril de 2020 contra Samara Rivera.<\/p>\n\n\n\n<p>La ciudadana fue procesada el delito de asociaci\u00f3n il\u00edcita, llegando incluso a recibir una sentencia en primera instancia en octubre de 2024.<\/p>\n\n\n\n<p>En ese mes, la justicia determin\u00f3 que Rivera colabor\u00f3 con su expareja sentimental para que obtuviera su prelibertad en 2020. Lo hizo, como autora mediata.<\/p>\n\n\n\n<p>Sin embargo, sus abogados aplicaron varios recursos legales para que la condena no fuera definitiva.<\/p>\n\n\n\n<p>Esto hizo que el proceso se extendiera m\u00e1s all\u00e1 de los cinco a\u00f1os que da la ley. El Tribunal sustent\u00f3 este mi\u00e9rcoles: \u201cHabiendo transcurrido m\u00e1s de cinco a\u00f1os desde el inicio del presente proceso penal, actualmente el ejercicio de la acci\u00f3n se encuentra prescrito\u201c.\/<br><\/p>\n","protected":false},"excerpt":{"rendered":"<p>Este mi\u00e9rcoles, el Tribunal de Justicia del Guayas, por unanimidad, prescribi\u00f3 la acci\u00f3n legal contra Samara Rivera,  por el delito de asociaci\u00f3n il\u00edcita. Rivera es viuda de alias \u201cRasqui\u00f1a\u201d, quien fue l\u00edder de  \u201cLos Choneros\u201d. Rivera estuvo pr\u00f3fuga desde el a\u00f1o 2020.<\/p>\n","protected":false},"author":14,"featured_media":48169,"comment_status":"open","ping_status":"open","sticky":false,"template":"","format":"standard","meta":{"footnotes":""},"categories":[1],"tags":[],"class_list":["post-48168","post","type-post","status-publish","format-standard","has-post-thumbnail","hentry","category-uncategorized"],"_links":{"self":[{"href":"https:\/\/elmercuriomanta.ec\/index.php\/wp-json\/wp\/v2\/posts\/48168","targetHints":{"allow":["GET"]}}],"collection":[{"href":"https:\/\/elmercuriomanta.ec\/index.php\/wp-json\/wp\/v2\/posts"}],"about":[{"href":"https:\/\/elmercuriomanta.ec\/index.php\/wp-json\/wp\/v2\/types\/post"}],"author":[{"embeddable":true,"href":"https:\/\/elmercuriomanta.ec\/index.php\/wp-json\/wp\/v2\/users\/14"}],"replies":[{"embeddable":true,"href":"https:\/\/elmercuriomanta.ec\/index.php\/wp-json\/wp\/v2\/comments?post=48168"}],"version-history":[{"count":1,"href":"https:\/\/elmercuriomanta.ec\/index.php\/wp-json\/wp\/v2\/posts\/48168\/revisions"}],"predecessor-version":[{"id":48170,"href":"https:\/\/elmercuriomanta.ec\/index.php\/wp-json\/wp\/v2\/posts\/48168\/revisions\/48170"}],"wp:featuredmedia":[{"embeddable":true,"href":"https:\/\/elmercuriomanta.ec\/index.php\/wp-json\/wp\/v2\/media\/48169"}],"wp:attachment":[{"href":"https:\/\/elmercuriomanta.ec\/index.php\/wp-json\/wp\/v2\/media?parent=48168"}],"wp:term":[{"taxonomy":"category","embeddable":true,"href":"https:\/\/elmercuriomanta.ec\/index.php\/wp-json\/wp\/v2\/categories?post=48168"},{"taxonomy":"post_tag","embeddable":true,"href":"https:\/\/elmercuriomanta.ec\/index.php\/wp-json\/wp\/v2\/tags?post=48168"}],"curies":[{"name":"wp","href":"https:\/\/api.w.org\/{rel}","templated":true}]}}