{"id":48013,"date":"2025-07-15T13:08:24","date_gmt":"2025-07-15T18:08:24","guid":{"rendered":"https:\/\/elmercuriomanta.ec\/?p=48013"},"modified":"2025-07-15T13:14:07","modified_gmt":"2025-07-15T18:14:07","slug":"mas-blindaje-mas-seguridad-ecuador-refuerza-su-defensa-con-vehiculos-multiproposito","status":"publish","type":"post","link":"https:\/\/elmercuriomanta.ec\/index.php\/2025\/07\/15\/mas-blindaje-mas-seguridad-ecuador-refuerza-su-defensa-con-vehiculos-multiproposito\/","title":{"rendered":"M\u00e1s blindaje, m\u00e1s seguridad: Ecuador refuerza su defensa con veh\u00edculos multiprop\u00f3sito"},"content":{"rendered":"\n<figure class=\"wp-block-image aligncenter size-large is-resized\"><img fetchpriority=\"high\" decoding=\"async\" width=\"1024\" height=\"768\" src=\"https:\/\/elmercuriomanta.ec\/wp-content\/uploads\/2025\/07\/Gv6aQDlXAAAMtyy-1024x768.jpg\" alt=\"\" class=\"wp-image-48015\" style=\"width:341px;height:auto\" srcset=\"https:\/\/elmercuriomanta.ec\/wp-content\/uploads\/2025\/07\/Gv6aQDlXAAAMtyy-1024x768.jpg 1024w, https:\/\/elmercuriomanta.ec\/wp-content\/uploads\/2025\/07\/Gv6aQDlXAAAMtyy-300x225.jpg 300w, https:\/\/elmercuriomanta.ec\/wp-content\/uploads\/2025\/07\/Gv6aQDlXAAAMtyy-768x576.jpg 768w, https:\/\/elmercuriomanta.ec\/wp-content\/uploads\/2025\/07\/Gv6aQDlXAAAMtyy-1536x1152.jpg 1536w, https:\/\/elmercuriomanta.ec\/wp-content\/uploads\/2025\/07\/Gv6aQDlXAAAMtyy.jpg 1600w\" sizes=\"(max-width: 1024px) 100vw, 1024px\" \/><\/figure>\n\n\n\n<p>Las Fuerzas Armadas del Ecuador realizaron la entrega oficial de veh\u00edculos blindados multiprop\u00f3sito a la Fuerza Terrestre, con el objetivo de fortalecer su capacidad operativa y de respuesta frente a amenazas internas y externas.<\/p>\n\n\n\n<p>Este nuevo equipamiento, de tecnolog\u00eda moderna, permitir\u00e1 a las tropas ejecutar misiones con mayor seguridad, movilidad y eficiencia, optimizando las operaciones t\u00e1cticas y log\u00edsticas en todo el territorio nacional.<\/p>\n\n\n\n<figure class=\"wp-block-embed is-type-rich is-provider-twitter wp-block-embed-twitter\"><div class=\"wp-block-embed__wrapper\">\n<blockquote class=\"twitter-tweet\" data-width=\"550\" data-dnt=\"true\"><p lang=\"es\" dir=\"ltr\">\ud83d\udcaa Reforzamos la movilidad t\u00e1ctica de la Fuerza Terrestre<br><br>Las Fuerzas Armadas del Ecuador realizaron la entrega oficial de veh\u00edculos blindados multiprop\u00f3sito a la Fuerza Terrestre, fortaleciendo su capacidad operativa y de respuesta ante amenazas internas y externas.<br><br>Este\u2026 <a href=\"https:\/\/t.co\/ZxM3mz6bcf\">pic.twitter.com\/ZxM3mz6bcf<\/a><\/p>&mdash; Fuerzas Armadas del Ecuador (@FFAAECUADOR) <a href=\"https:\/\/twitter.com\/FFAAECUADOR\/status\/1945161800837947647?ref_src=twsrc%5Etfw\">July 15, 2025<\/a><\/blockquote><script async src=\"https:\/\/platform.twitter.com\/widgets.js\" charset=\"utf-8\"><\/script>\n<\/div><\/figure>\n\n\n\n<p>Las autoridades militares destacaron que la incorporaci\u00f3n de estos veh\u00edculos responde a la necesidad de garantizar la soberan\u00eda nacional, reforzar la lucha contra la delincuencia organizada y proteger a la ciudadan\u00eda en situaciones de riesgo.<\/p>\n\n\n\n<p>Con esta entrega, se ratifica el compromiso de mantener unas Fuerzas Armadas preparadas y equipadas para enfrentar los desaf\u00edos actuales y futuros en materia de defensa y seguridad.<\/p>\n","protected":false},"excerpt":{"rendered":"<p>Las Fuerzas Armadas del Ecuador realizaron la entrega oficial de veh\u00edculos blindados multiprop\u00f3sito a la Fuerza Terrestre, con el objetivo de fortalecer su capacidad operativa y de respuesta frente a amenazas internas y externas, permitiendo a las tropas ejecutar misiones con mayor seguridad, movilidad y eficiencia, optimizando las operaciones t\u00e1cticas y log\u00edsticas en todo el territorio nacional.<\/p>\n","protected":false},"author":14,"featured_media":48015,"comment_status":"open","ping_status":"open","sticky":false,"template":"","format":"standard","meta":{"footnotes":""},"categories":[19,1],"tags":[23],"class_list":["post-48013","post","type-post","status-publish","format-standard","has-post-thumbnail","hentry","category-portada-1","category-uncategorized","tag-ecuador"],"_links":{"self":[{"href":"https:\/\/elmercuriomanta.ec\/index.php\/wp-json\/wp\/v2\/posts\/48013","targetHints":{"allow":["GET"]}}],"collection":[{"href":"https:\/\/elmercuriomanta.ec\/index.php\/wp-json\/wp\/v2\/posts"}],"about":[{"href":"https:\/\/elmercuriomanta.ec\/index.php\/wp-json\/wp\/v2\/types\/post"}],"author":[{"embeddable":true,"href":"https:\/\/elmercuriomanta.ec\/index.php\/wp-json\/wp\/v2\/users\/14"}],"replies":[{"embeddable":true,"href":"https:\/\/elmercuriomanta.ec\/index.php\/wp-json\/wp\/v2\/comments?post=48013"}],"version-history":[{"count":3,"href":"https:\/\/elmercuriomanta.ec\/index.php\/wp-json\/wp\/v2\/posts\/48013\/revisions"}],"predecessor-version":[{"id":48017,"href":"https:\/\/elmercuriomanta.ec\/index.php\/wp-json\/wp\/v2\/posts\/48013\/revisions\/48017"}],"wp:featuredmedia":[{"embeddable":true,"href":"https:\/\/elmercuriomanta.ec\/index.php\/wp-json\/wp\/v2\/media\/48015"}],"wp:attachment":[{"href":"https:\/\/elmercuriomanta.ec\/index.php\/wp-json\/wp\/v2\/media?parent=48013"}],"wp:term":[{"taxonomy":"category","embeddable":true,"href":"https:\/\/elmercuriomanta.ec\/index.php\/wp-json\/wp\/v2\/categories?post=48013"},{"taxonomy":"post_tag","embeddable":true,"href":"https:\/\/elmercuriomanta.ec\/index.php\/wp-json\/wp\/v2\/tags?post=48013"}],"curies":[{"name":"wp","href":"https:\/\/api.w.org\/{rel}","templated":true}]}}