{"id":47992,"date":"2025-07-15T10:58:51","date_gmt":"2025-07-15T15:58:51","guid":{"rendered":"https:\/\/elmercuriomanta.ec\/?p=47992"},"modified":"2025-07-15T10:58:51","modified_gmt":"2025-07-15T15:58:51","slug":"denuncia-de-robos-de-cables-en-el-centro-de-manta-y-en-el-pasaje-jose-maria-egas","status":"publish","type":"post","link":"https:\/\/elmercuriomanta.ec\/index.php\/2025\/07\/15\/denuncia-de-robos-de-cables-en-el-centro-de-manta-y-en-el-pasaje-jose-maria-egas\/","title":{"rendered":"Denuncia de robos de cables en el centro de Manta y en el pasaje Jos\u00e9 Mar\u00eda Egas"},"content":{"rendered":"\n<figure class=\"wp-block-image aligncenter size-large is-resized\"><img fetchpriority=\"high\" decoding=\"async\" width=\"1024\" height=\"576\" src=\"https:\/\/elmercuriomanta.ec\/wp-content\/uploads\/2025\/07\/Pagina-Locales-5.-Denuncia-3-1024x576.jpg\" alt=\"\" class=\"wp-image-47995\" style=\"width:604px;height:auto\" srcset=\"https:\/\/elmercuriomanta.ec\/wp-content\/uploads\/2025\/07\/Pagina-Locales-5.-Denuncia-3-1024x576.jpg 1024w, https:\/\/elmercuriomanta.ec\/wp-content\/uploads\/2025\/07\/Pagina-Locales-5.-Denuncia-3-300x169.jpg 300w, https:\/\/elmercuriomanta.ec\/wp-content\/uploads\/2025\/07\/Pagina-Locales-5.-Denuncia-3-768x432.jpg 768w, https:\/\/elmercuriomanta.ec\/wp-content\/uploads\/2025\/07\/Pagina-Locales-5.-Denuncia-3-1536x864.jpg 1536w, https:\/\/elmercuriomanta.ec\/wp-content\/uploads\/2025\/07\/Pagina-Locales-5.-Denuncia-3.jpg 1600w\" sizes=\"(max-width: 1024px) 100vw, 1024px\" \/><\/figure>\n\n\n\n<p>En el centro de Manta, se est\u00e1n reportando robos de cables por parte de personas conocidas como \u00abhacheros\u00bb, lo que ha generado preocupaci\u00f3n entre los residentes y due\u00f1os de negocios de la avenida segunda del y del Paseo Jos\u00e9 Mar\u00eda Egas.<\/p>\n\n\n\n<p>Algunos propietarios de los locales ubicados en el lugar se\u00f1alado, est\u00e1n preocupados, por lo que piden a las autoridades competentes y a la polic\u00eda que intensifique los operativos en la zona.<\/p>\n\n\n\n<p>Seg\u00fan los moradores estos robos ocurren en la madrugada y est\u00e1n alertando a los vecinos sobre la situaci\u00f3n para fomentar la colaboraci\u00f3n e identificar y denunciar a los responsables.<\/p>\n\n\n\n<figure class=\"wp-block-image aligncenter size-large is-resized\"><img decoding=\"async\" width=\"1024\" height=\"768\" src=\"https:\/\/elmercuriomanta.ec\/wp-content\/uploads\/2025\/07\/Pagina-Locales-5.-Denuncia-2-1024x768.jpg\" alt=\"\" class=\"wp-image-47997\" style=\"width:504px;height:auto\" srcset=\"https:\/\/elmercuriomanta.ec\/wp-content\/uploads\/2025\/07\/Pagina-Locales-5.-Denuncia-2-1024x768.jpg 1024w, https:\/\/elmercuriomanta.ec\/wp-content\/uploads\/2025\/07\/Pagina-Locales-5.-Denuncia-2-300x225.jpg 300w, https:\/\/elmercuriomanta.ec\/wp-content\/uploads\/2025\/07\/Pagina-Locales-5.-Denuncia-2-768x576.jpg 768w, https:\/\/elmercuriomanta.ec\/wp-content\/uploads\/2025\/07\/Pagina-Locales-5.-Denuncia-2-1536x1152.jpg 1536w, https:\/\/elmercuriomanta.ec\/wp-content\/uploads\/2025\/07\/Pagina-Locales-5.-Denuncia-2.jpg 1600w\" sizes=\"(max-width: 1024px) 100vw, 1024px\" \/><\/figure>\n\n\n\n<h2 class=\"wp-block-heading\">Solicitan mayor presencia policial<\/h2>\n\n\n\n<p>Se pide a las autoridades que aumenten la vigilancia y los operativos policiales en el centro de Manta, especialmente en \u00e1reas donde se han registrado los robos.<\/p>\n\n\n\n<p>Los \u00abhacheros\u00bb son personas que se dedican al robo de cables, a menudo motivados por el valor del cobre en el mercado negro.<\/p>\n\n\n\n<p>Estos robos no solo causan p\u00e9rdidas econ\u00f3micas, sino que tambi\u00e9n pueden afectar servicios p\u00fablicos como el alumbrado y la energ\u00eda, generando inseguridad en la zona.<\/p>\n","protected":false},"excerpt":{"rendered":"<p>En el centro de Manta, se est\u00e1n reportando robos de cables por parte de personas conocidas como \u00abhacheros\u00bb, lo que ha generado preocupaci\u00f3n entre los residentes y due\u00f1os de negocios de la avenida segunda del y del Paseo Jos\u00e9 Mar\u00eda Egas.<\/p>\n<p>Algunos propietarios de los locales ubicados en el lugar se\u00f1alado, est\u00e1n preocupados, por lo que piden a las autoridades competentes y a la polic\u00eda que intensifique los operativos en la zona.<\/p>\n","protected":false},"author":14,"featured_media":0,"comment_status":"open","ping_status":"open","sticky":false,"template":"","format":"standard","meta":{"footnotes":""},"categories":[83],"tags":[86,38],"class_list":["post-47992","post","type-post","status-publish","format-standard","hentry","category-sucesos","tag-en-tu-barrio","tag-manta"],"_links":{"self":[{"href":"https:\/\/elmercuriomanta.ec\/index.php\/wp-json\/wp\/v2\/posts\/47992","targetHints":{"allow":["GET"]}}],"collection":[{"href":"https:\/\/elmercuriomanta.ec\/index.php\/wp-json\/wp\/v2\/posts"}],"about":[{"href":"https:\/\/elmercuriomanta.ec\/index.php\/wp-json\/wp\/v2\/types\/post"}],"author":[{"embeddable":true,"href":"https:\/\/elmercuriomanta.ec\/index.php\/wp-json\/wp\/v2\/users\/14"}],"replies":[{"embeddable":true,"href":"https:\/\/elmercuriomanta.ec\/index.php\/wp-json\/wp\/v2\/comments?post=47992"}],"version-history":[{"count":1,"href":"https:\/\/elmercuriomanta.ec\/index.php\/wp-json\/wp\/v2\/posts\/47992\/revisions"}],"predecessor-version":[{"id":47998,"href":"https:\/\/elmercuriomanta.ec\/index.php\/wp-json\/wp\/v2\/posts\/47992\/revisions\/47998"}],"wp:attachment":[{"href":"https:\/\/elmercuriomanta.ec\/index.php\/wp-json\/wp\/v2\/media?parent=47992"}],"wp:term":[{"taxonomy":"category","embeddable":true,"href":"https:\/\/elmercuriomanta.ec\/index.php\/wp-json\/wp\/v2\/categories?post=47992"},{"taxonomy":"post_tag","embeddable":true,"href":"https:\/\/elmercuriomanta.ec\/index.php\/wp-json\/wp\/v2\/tags?post=47992"}],"curies":[{"name":"wp","href":"https:\/\/api.w.org\/{rel}","templated":true}]}}