{"id":47948,"date":"2025-07-14T15:48:29","date_gmt":"2025-07-14T20:48:29","guid":{"rendered":"https:\/\/elmercuriomanta.ec\/?p=47948"},"modified":"2025-07-14T16:15:33","modified_gmt":"2025-07-14T21:15:33","slug":"cuenta-regresiva-fito-estaria-a-15-dias-de-ser-enviado-a-estados-unidos","status":"publish","type":"post","link":"https:\/\/elmercuriomanta.ec\/index.php\/2025\/07\/14\/cuenta-regresiva-fito-estaria-a-15-dias-de-ser-enviado-a-estados-unidos\/","title":{"rendered":"Cuenta regresiva: \u2018Fito\u2019 estar\u00eda a 15 d\u00edas de ser enviado a Estados Unidos"},"content":{"rendered":"\n<figure class=\"wp-block-image aligncenter size-large is-resized\"><img fetchpriority=\"high\" decoding=\"async\" width=\"1024\" height=\"768\" src=\"https:\/\/elmercuriomanta.ec\/wp-content\/uploads\/2025\/07\/5PVJ4ZAR6JD3FAIEB5R7NAPQHE-2-1024x768.avif\" alt=\"\" class=\"wp-image-47951\" style=\"width:334px;height:auto\" srcset=\"https:\/\/elmercuriomanta.ec\/wp-content\/uploads\/2025\/07\/5PVJ4ZAR6JD3FAIEB5R7NAPQHE-2-1024x768.avif 1024w, https:\/\/elmercuriomanta.ec\/wp-content\/uploads\/2025\/07\/5PVJ4ZAR6JD3FAIEB5R7NAPQHE-2-300x225.avif 300w, https:\/\/elmercuriomanta.ec\/wp-content\/uploads\/2025\/07\/5PVJ4ZAR6JD3FAIEB5R7NAPQHE-2-768x576.avif 768w, https:\/\/elmercuriomanta.ec\/wp-content\/uploads\/2025\/07\/5PVJ4ZAR6JD3FAIEB5R7NAPQHE-2-1536x1152.avif 1536w, https:\/\/elmercuriomanta.ec\/wp-content\/uploads\/2025\/07\/5PVJ4ZAR6JD3FAIEB5R7NAPQHE-2.avif 1960w\" sizes=\"(max-width: 1024px) 100vw, 1024px\" \/><\/figure>\n\n\n\n<p>En un plazo m\u00e1ximo de 15 d\u00edas, alias \u2018Fito\u2019 podr\u00eda ser enviado a Estados Unidos. As\u00ed lo afirm\u00f3 el ministro del Interior, John Reimberg, quien detall\u00f3 que \u00fanicamente falta un documento oficial del pa\u00eds solicitante: una garant\u00eda de que Jos\u00e9 Adolfo Mac\u00edas Villamar no recibir\u00e1 la pena de muerte. \u201cLo que falta es un simple formalismo\u201d, declar\u00f3 el funcionario a La Posta.<\/p>\n\n\n\n<p>Con este requisito pendiente, el cabecilla de \u2018Los Choneros\u2019 estar\u00eda muy cerca de dejar territorio ecuatoriano. Reimberg manifest\u00f3 su confianza en que la extradici\u00f3n se concrete dentro del plazo establecido.<\/p>\n","protected":false},"excerpt":{"rendered":"<p>En un plazo m\u00e1ximo de 15 d\u00edas, alias \u2018Fito\u2019 podr\u00eda ser enviado a Estados Unidos. As\u00ed lo afirm\u00f3 el ministro del Interior, John Reimberg, quien detall\u00f3 que \u00fanicamente falta un documento oficial del pa\u00eds solicitante: una garant\u00eda de que Jos\u00e9 Adolfo Mac\u00edas Villamar no recibir\u00e1 la pena de muerte.<\/p>\n","protected":false},"author":14,"featured_media":47951,"comment_status":"open","ping_status":"open","sticky":false,"template":"","format":"standard","meta":{"footnotes":""},"categories":[20,83,1],"tags":[23],"class_list":["post-47948","post","type-post","status-publish","format-standard","has-post-thumbnail","hentry","category-portada-2","category-sucesos","category-uncategorized","tag-ecuador"],"_links":{"self":[{"href":"https:\/\/elmercuriomanta.ec\/index.php\/wp-json\/wp\/v2\/posts\/47948","targetHints":{"allow":["GET"]}}],"collection":[{"href":"https:\/\/elmercuriomanta.ec\/index.php\/wp-json\/wp\/v2\/posts"}],"about":[{"href":"https:\/\/elmercuriomanta.ec\/index.php\/wp-json\/wp\/v2\/types\/post"}],"author":[{"embeddable":true,"href":"https:\/\/elmercuriomanta.ec\/index.php\/wp-json\/wp\/v2\/users\/14"}],"replies":[{"embeddable":true,"href":"https:\/\/elmercuriomanta.ec\/index.php\/wp-json\/wp\/v2\/comments?post=47948"}],"version-history":[{"count":3,"href":"https:\/\/elmercuriomanta.ec\/index.php\/wp-json\/wp\/v2\/posts\/47948\/revisions"}],"predecessor-version":[{"id":47952,"href":"https:\/\/elmercuriomanta.ec\/index.php\/wp-json\/wp\/v2\/posts\/47948\/revisions\/47952"}],"wp:featuredmedia":[{"embeddable":true,"href":"https:\/\/elmercuriomanta.ec\/index.php\/wp-json\/wp\/v2\/media\/47951"}],"wp:attachment":[{"href":"https:\/\/elmercuriomanta.ec\/index.php\/wp-json\/wp\/v2\/media?parent=47948"}],"wp:term":[{"taxonomy":"category","embeddable":true,"href":"https:\/\/elmercuriomanta.ec\/index.php\/wp-json\/wp\/v2\/categories?post=47948"},{"taxonomy":"post_tag","embeddable":true,"href":"https:\/\/elmercuriomanta.ec\/index.php\/wp-json\/wp\/v2\/tags?post=47948"}],"curies":[{"name":"wp","href":"https:\/\/api.w.org\/{rel}","templated":true}]}}