{"id":47868,"date":"2025-07-13T10:50:01","date_gmt":"2025-07-13T15:50:01","guid":{"rendered":"https:\/\/elmercuriomanta.ec\/?p=47868"},"modified":"2025-07-13T10:50:01","modified_gmt":"2025-07-13T15:50:01","slug":"la-comision-de-seguridad-recomienda-archivar-reforma-a-la-ley-de-personal-militar","status":"publish","type":"post","link":"https:\/\/elmercuriomanta.ec\/index.php\/2025\/07\/13\/la-comision-de-seguridad-recomienda-archivar-reforma-a-la-ley-de-personal-militar\/","title":{"rendered":"La Comisi\u00f3n de Seguridad Recomienda Archivar Reforma a la Ley de Personal Militar"},"content":{"rendered":"\n<figure class=\"wp-block-image aligncenter size-large is-resized\"><img fetchpriority=\"high\" decoding=\"async\" width=\"1024\" height=\"512\" src=\"https:\/\/elmercuriomanta.ec\/wp-content\/uploads\/2025\/07\/image-128-1024x512.png\" alt=\"\" class=\"wp-image-47869\" style=\"width:527px;height:auto\" srcset=\"https:\/\/elmercuriomanta.ec\/wp-content\/uploads\/2025\/07\/image-128-1024x512.png 1024w, https:\/\/elmercuriomanta.ec\/wp-content\/uploads\/2025\/07\/image-128-300x150.png 300w, https:\/\/elmercuriomanta.ec\/wp-content\/uploads\/2025\/07\/image-128-768x384.png 768w, https:\/\/elmercuriomanta.ec\/wp-content\/uploads\/2025\/07\/image-128.png 1200w\" sizes=\"(max-width: 1024px) 100vw, 1024px\" \/><\/figure>\n\n\n\n<p>La Comisi\u00f3n de Seguridad Integral de la Asamblea Nacional aprob\u00f3 con siete votos el informe para primer debate del proyecto de reforma a la Ley Org\u00e1nica de Personal y Disciplina de las Fuerzas Armadas, recomendando su archivo Seg\u00fan el informe, la propuesta \u201cno es jur\u00eddicamente necesaria ni conveniente\u201d, ya que podr\u00eda afectar principios fundamentales del ordenamiento legal como la seguridad jur\u00eddica, la irretroactividad y la igualdad ante la ley.<\/p>\n\n\n\n<p>La reforma planteaba que las inhabilidades previstas en la ley se aplicaran \u00fanicamente a los militares que ingresaron a la instituci\u00f3n despu\u00e9s del 24 de enero de 2023, fecha en que entr\u00f3 en vigencia la normativa actual. El asamble\u00edsta Mario Zambrano, quien propuso la moci\u00f3n de archivo, advirti\u00f3 que la aprobaci\u00f3n del proyecto podr\u00eda debilitar institucionalmente a las Fuerzas Armadas y generar inseguridad jur\u00eddica. El informe ser\u00e1 remitido a la presidencia de la Asamblea para su discusi\u00f3n en el Pleno.<\/p>\n","protected":false},"excerpt":{"rendered":"<p>La Comisi\u00f3n de Seguridad Integral de la Asamblea Nacional aprob\u00f3 con siete votos el informe para primer debate del proyecto de reforma a la Ley Org\u00e1nica de Personal y Disciplina de las Fuerzas Armadas, recomendando su archivo Seg\u00fan el informe, la propuesta \u201cno es jur\u00eddicamente necesaria ni conveniente\u201d, ya que podr\u00eda afectar principios fundamentales del ordenamiento legal como la seguridad jur\u00eddica, la irretroactividad y la igualdad ante la ley.<\/p>\n<p>La reforma planteaba que las inhabilidades previstas en la ley se aplicaran \u00fanicamente a los militares que ingresaron a la instituci\u00f3n despu\u00e9s del 24 de enero de 2023, fecha en que entr\u00f3 en vigencia la normativa actual. El asamble\u00edsta Mario Zambrano, quien propuso la moci\u00f3n de archivo, advirti\u00f3 que la aprobaci\u00f3n del proyecto podr\u00eda debilitar institucionalmente a las Fuerzas Armadas y generar inseguridad jur\u00eddica. El informe ser\u00e1 remitido a la presidencia de la Asamblea para su discusi\u00f3n en el Pleno.<\/p>\n","protected":false},"author":12,"featured_media":47869,"comment_status":"open","ping_status":"open","sticky":false,"template":"","format":"standard","meta":{"footnotes":""},"categories":[1],"tags":[23],"class_list":["post-47868","post","type-post","status-publish","format-standard","has-post-thumbnail","hentry","category-uncategorized","tag-ecuador"],"_links":{"self":[{"href":"https:\/\/elmercuriomanta.ec\/index.php\/wp-json\/wp\/v2\/posts\/47868","targetHints":{"allow":["GET"]}}],"collection":[{"href":"https:\/\/elmercuriomanta.ec\/index.php\/wp-json\/wp\/v2\/posts"}],"about":[{"href":"https:\/\/elmercuriomanta.ec\/index.php\/wp-json\/wp\/v2\/types\/post"}],"author":[{"embeddable":true,"href":"https:\/\/elmercuriomanta.ec\/index.php\/wp-json\/wp\/v2\/users\/12"}],"replies":[{"embeddable":true,"href":"https:\/\/elmercuriomanta.ec\/index.php\/wp-json\/wp\/v2\/comments?post=47868"}],"version-history":[{"count":1,"href":"https:\/\/elmercuriomanta.ec\/index.php\/wp-json\/wp\/v2\/posts\/47868\/revisions"}],"predecessor-version":[{"id":47870,"href":"https:\/\/elmercuriomanta.ec\/index.php\/wp-json\/wp\/v2\/posts\/47868\/revisions\/47870"}],"wp:featuredmedia":[{"embeddable":true,"href":"https:\/\/elmercuriomanta.ec\/index.php\/wp-json\/wp\/v2\/media\/47869"}],"wp:attachment":[{"href":"https:\/\/elmercuriomanta.ec\/index.php\/wp-json\/wp\/v2\/media?parent=47868"}],"wp:term":[{"taxonomy":"category","embeddable":true,"href":"https:\/\/elmercuriomanta.ec\/index.php\/wp-json\/wp\/v2\/categories?post=47868"},{"taxonomy":"post_tag","embeddable":true,"href":"https:\/\/elmercuriomanta.ec\/index.php\/wp-json\/wp\/v2\/tags?post=47868"}],"curies":[{"name":"wp","href":"https:\/\/api.w.org\/{rel}","templated":true}]}}