{"id":47369,"date":"2025-07-06T08:43:47","date_gmt":"2025-07-06T13:43:47","guid":{"rendered":"https:\/\/elmercuriomanta.ec\/?p=47369"},"modified":"2025-07-06T08:43:47","modified_gmt":"2025-07-06T13:43:47","slug":"ballena-y-su-cria-en-playas-manabitas","status":"publish","type":"post","link":"https:\/\/elmercuriomanta.ec\/index.php\/2025\/07\/06\/ballena-y-su-cria-en-playas-manabitas\/","title":{"rendered":"Ballena y su Cr\u00eda en Playas Manabitas"},"content":{"rendered":"\n<figure class=\"wp-block-image aligncenter size-full is-resized\"><img fetchpriority=\"high\" decoding=\"async\" width=\"385\" height=\"523\" src=\"https:\/\/elmercuriomanta.ec\/wp-content\/uploads\/2025\/07\/image-53.png\" alt=\"\" class=\"wp-image-47370\" style=\"width:347px;height:auto\" srcset=\"https:\/\/elmercuriomanta.ec\/wp-content\/uploads\/2025\/07\/image-53.png 385w, https:\/\/elmercuriomanta.ec\/wp-content\/uploads\/2025\/07\/image-53-221x300.png 221w\" sizes=\"(max-width: 385px) 100vw, 385px\" \/><\/figure>\n\n\n\n<p>Las primeras ballenas llevan varios d\u00edas avist\u00e1ndose en las costas ecuatorianas, junto a ellas llegan sus cr\u00edas que nacieron en temporadas anteriores y ahora emprenden un nuevo ciclo migratorio tras viajar miles de kil\u00f3metros desde las g\u00e9lidas aguas de la Ant\u00e1rtida.<\/p>\n\n\n\n<p>Estos majestuosos mam\u00edferos marinos eligen cada a\u00f1o el oc\u00e9ano Pac\u00edfico ecuatoriano para reproducirse y criar aprovechando el clima c\u00e1lido y seguro; el avistamiento de madres con sus cr\u00edas marca una experiencia natural y \u00fanica que evidencia la fuerza de la vida en su forma m\u00e1s salvaje y tierna.<\/p>\n","protected":false},"excerpt":{"rendered":"<p>Las primeras ballenas llevan varios d\u00edas avist\u00e1ndose en las costas ecuatorianas, junto a ellas llegan sus cr\u00edas que nacieron en temporadas anteriores y ahora emprenden un nuevo ciclo migratorio tras viajar miles de kil\u00f3metros desde las g\u00e9lidas aguas de la Ant\u00e1rtida.<\/p>\n<p>Estos majestuosos mam\u00edferos marinos eligen cada a\u00f1o el oc\u00e9ano Pac\u00edfico ecuatoriano para reproducirse y criar aprovechando el clima c\u00e1lido y seguro; el avistamiento de madres con sus cr\u00edas marca una experiencia natural y \u00fanica que evidencia la fuerza de la vida en su forma m\u00e1s salvaje y tierna.<\/p>\n","protected":false},"author":12,"featured_media":47370,"comment_status":"open","ping_status":"open","sticky":false,"template":"","format":"standard","meta":{"footnotes":""},"categories":[1],"tags":[29],"class_list":["post-47369","post","type-post","status-publish","format-standard","has-post-thumbnail","hentry","category-uncategorized","tag-manabi"],"_links":{"self":[{"href":"https:\/\/elmercuriomanta.ec\/index.php\/wp-json\/wp\/v2\/posts\/47369","targetHints":{"allow":["GET"]}}],"collection":[{"href":"https:\/\/elmercuriomanta.ec\/index.php\/wp-json\/wp\/v2\/posts"}],"about":[{"href":"https:\/\/elmercuriomanta.ec\/index.php\/wp-json\/wp\/v2\/types\/post"}],"author":[{"embeddable":true,"href":"https:\/\/elmercuriomanta.ec\/index.php\/wp-json\/wp\/v2\/users\/12"}],"replies":[{"embeddable":true,"href":"https:\/\/elmercuriomanta.ec\/index.php\/wp-json\/wp\/v2\/comments?post=47369"}],"version-history":[{"count":1,"href":"https:\/\/elmercuriomanta.ec\/index.php\/wp-json\/wp\/v2\/posts\/47369\/revisions"}],"predecessor-version":[{"id":47372,"href":"https:\/\/elmercuriomanta.ec\/index.php\/wp-json\/wp\/v2\/posts\/47369\/revisions\/47372"}],"wp:featuredmedia":[{"embeddable":true,"href":"https:\/\/elmercuriomanta.ec\/index.php\/wp-json\/wp\/v2\/media\/47370"}],"wp:attachment":[{"href":"https:\/\/elmercuriomanta.ec\/index.php\/wp-json\/wp\/v2\/media?parent=47369"}],"wp:term":[{"taxonomy":"category","embeddable":true,"href":"https:\/\/elmercuriomanta.ec\/index.php\/wp-json\/wp\/v2\/categories?post=47369"},{"taxonomy":"post_tag","embeddable":true,"href":"https:\/\/elmercuriomanta.ec\/index.php\/wp-json\/wp\/v2\/tags?post=47369"}],"curies":[{"name":"wp","href":"https:\/\/api.w.org\/{rel}","templated":true}]}}