{"id":46962,"date":"2025-06-30T17:44:35","date_gmt":"2025-06-30T22:44:35","guid":{"rendered":"https:\/\/elmercuriomanta.ec\/?p=46962"},"modified":"2025-06-30T17:52:36","modified_gmt":"2025-06-30T22:52:36","slug":"presencia-de-aves-detiene-vuelos-en-manta-comite-advierte-falta-de-prevencion-y-administracion-deficiente","status":"publish","type":"post","link":"https:\/\/elmercuriomanta.ec\/index.php\/2025\/06\/30\/presencia-de-aves-detiene-vuelos-en-manta-comite-advierte-falta-de-prevencion-y-administracion-deficiente\/","title":{"rendered":"Presencia de aves detiene vuelos en Manta: comit\u00e9 advierte falta de prevenci\u00f3n y administraci\u00f3n deficiente"},"content":{"rendered":"\n<figure class=\"wp-block-image aligncenter size-large is-resized\"><img fetchpriority=\"high\" decoding=\"async\" width=\"1024\" height=\"768\" src=\"https:\/\/elmercuriomanta.ec\/wp-content\/uploads\/2025\/06\/WhatsApp-Image-2025-06-30-at-17.51.26-1024x768.jpeg\" alt=\"\" class=\"wp-image-46971\" style=\"width:486px;height:auto\" srcset=\"https:\/\/elmercuriomanta.ec\/wp-content\/uploads\/2025\/06\/WhatsApp-Image-2025-06-30-at-17.51.26-1024x768.jpeg 1024w, https:\/\/elmercuriomanta.ec\/wp-content\/uploads\/2025\/06\/WhatsApp-Image-2025-06-30-at-17.51.26-300x225.jpeg 300w, https:\/\/elmercuriomanta.ec\/wp-content\/uploads\/2025\/06\/WhatsApp-Image-2025-06-30-at-17.51.26-768x576.jpeg 768w, https:\/\/elmercuriomanta.ec\/wp-content\/uploads\/2025\/06\/WhatsApp-Image-2025-06-30-at-17.51.26-1536x1152.jpeg 1536w, https:\/\/elmercuriomanta.ec\/wp-content\/uploads\/2025\/06\/WhatsApp-Image-2025-06-30-at-17.51.26.jpeg 1600w\" sizes=\"(max-width: 1024px) 100vw, 1024px\" \/><\/figure>\n\n\n\n<p>El presidente del Comit\u00e9 T\u00e9cnico Ciudadano para el Desarrollo del Aeropuerto Eloy Alfaro de Manta, Jimmy Villavicencio, cuestion\u00f3 duramente la gesti\u00f3n del terminal a\u00e9reo tras la suspensi\u00f3n temporal de vuelos anunciada por la aerol\u00ednea Avianca, debido a la presencia de aves en la zona.<\/p>\n\n\n\n<p>\u201cHoy son los p\u00e1jaros, d\u00edas atr\u00e1s fueron las bandas, los aires acondicionados, la falta de materiales de limpieza, bomberos, electricidad\u2026 Todo se resume a un problema presupuestario y de mala administraci\u00f3n\u201d, denunci\u00f3.<\/p>\n\n\n\n<p>Villavicencio explic\u00f3 que el reciente incidente se origin\u00f3 por la proliferaci\u00f3n de maleza en los alrededores del aeropuerto, que gener\u00f3 frutos que atraen aves, un problema que, seg\u00fan \u00e9l, pudo prevenirse con fumigaci\u00f3n y mantenimiento adecuado.<\/p>\n\n\n\n<p>Aunque asegura haber advertido del riesgo hace tres meses, afirma que el administrador local le asegur\u00f3 que la situaci\u00f3n estaba \u201ccontrolada\u201d, y que no requer\u00edan ayuda externa. No obstante, representantes de aerol\u00edneas han confirmado que han solicitado intervenciones urgentes de forma constante durante este periodo sin obtener respuesta.<\/p>\n\n\n\n<p>\u201cNo lo han hecho por falta de presupuesto. Y eso, a pesar de que el aeropuerto genera m\u00e1s de 2 millones de d\u00f3lares y tiene 20 vuelos nacionales activos\u201d, subray\u00f3.<\/p>\n\n\n\n<p>La reacci\u00f3n del comit\u00e9 se da luego de que Avianca comunicara este jueves la suspensi\u00f3n inmediata de sus operaciones en el aeropuerto Eloy Alfaro, debido al riesgo que representa la presencia de aves para la seguridad a\u00e9rea. La aerol\u00ednea aclar\u00f3 que los vuelos se reanudar\u00e1n solo cuando las autoridades garanticen condiciones \u00f3ptimas.<\/p>\n\n\n\n<p>Villavicencio tambi\u00e9n alert\u00f3 que el aeropuerto podr\u00eda perder nuevas oportunidades de conexi\u00f3n internacional, como un vuelo semanal a Europa, si no se realiza un mantenimiento sostenido y una reestructuraci\u00f3n administrativa urgente.<\/p>\n\n\n\n<p>\u201cEl aeropuerto sigue funcionando con deficiencias. Si no se act\u00faa ya, no solo perderemos vuelos, sino tambi\u00e9n el potencial de desarrollo que este terminal representa para la regi\u00f3n\u201d, concluy\u00f3.<\/p>\n\n\n\n<p>En medio de la emergencia, el Municipio de Manta intervino con maquinaria y personal propio para ejecutar labores de limpieza y mantenimiento en las zonas afectadas por la maleza. En apenas dos d\u00edas, se ha logrado un avance significativo, seg\u00fan el comit\u00e9 ciudadano.<br><\/p>\n","protected":false},"excerpt":{"rendered":"<p>El presidente del Comit\u00e9 T\u00e9cnico Ciudadano para el Desarrollo del Aeropuerto Eloy Alfaro de Manta, Jimmy Villavicencio, cuestion\u00f3 duramente la gesti\u00f3n del terminal a\u00e9reo tras la suspensi\u00f3n temporal de vuelos anunciada por la aerol\u00ednea Avianca, debido a la presencia de aves en la zona.<\/p>\n","protected":false},"author":14,"featured_media":46971,"comment_status":"open","ping_status":"open","sticky":false,"template":"","format":"standard","meta":{"footnotes":""},"categories":[20,83,1],"tags":[38],"class_list":["post-46962","post","type-post","status-publish","format-standard","has-post-thumbnail","hentry","category-portada-2","category-sucesos","category-uncategorized","tag-manta"],"_links":{"self":[{"href":"https:\/\/elmercuriomanta.ec\/index.php\/wp-json\/wp\/v2\/posts\/46962","targetHints":{"allow":["GET"]}}],"collection":[{"href":"https:\/\/elmercuriomanta.ec\/index.php\/wp-json\/wp\/v2\/posts"}],"about":[{"href":"https:\/\/elmercuriomanta.ec\/index.php\/wp-json\/wp\/v2\/types\/post"}],"author":[{"embeddable":true,"href":"https:\/\/elmercuriomanta.ec\/index.php\/wp-json\/wp\/v2\/users\/14"}],"replies":[{"embeddable":true,"href":"https:\/\/elmercuriomanta.ec\/index.php\/wp-json\/wp\/v2\/comments?post=46962"}],"version-history":[{"count":3,"href":"https:\/\/elmercuriomanta.ec\/index.php\/wp-json\/wp\/v2\/posts\/46962\/revisions"}],"predecessor-version":[{"id":46972,"href":"https:\/\/elmercuriomanta.ec\/index.php\/wp-json\/wp\/v2\/posts\/46962\/revisions\/46972"}],"wp:featuredmedia":[{"embeddable":true,"href":"https:\/\/elmercuriomanta.ec\/index.php\/wp-json\/wp\/v2\/media\/46971"}],"wp:attachment":[{"href":"https:\/\/elmercuriomanta.ec\/index.php\/wp-json\/wp\/v2\/media?parent=46962"}],"wp:term":[{"taxonomy":"category","embeddable":true,"href":"https:\/\/elmercuriomanta.ec\/index.php\/wp-json\/wp\/v2\/categories?post=46962"},{"taxonomy":"post_tag","embeddable":true,"href":"https:\/\/elmercuriomanta.ec\/index.php\/wp-json\/wp\/v2\/tags?post=46962"}],"curies":[{"name":"wp","href":"https:\/\/api.w.org\/{rel}","templated":true}]}}