{"id":46929,"date":"2025-06-30T12:46:17","date_gmt":"2025-06-30T17:46:17","guid":{"rendered":"https:\/\/elmercuriomanta.ec\/?p=46929"},"modified":"2025-06-30T13:00:15","modified_gmt":"2025-06-30T18:00:15","slug":"se-formo-entre-las-rejas-alias-fito-se-graduo-de-abogado-antes-de-fugarse-asumira-su-propia-defensa","status":"publish","type":"post","link":"https:\/\/elmercuriomanta.ec\/index.php\/2025\/06\/30\/se-formo-entre-las-rejas-alias-fito-se-graduo-de-abogado-antes-de-fugarse-asumira-su-propia-defensa\/","title":{"rendered":"Se formo entre las rejas : alias \u00abFito\u00bb se gradu\u00f3 de abogado antes de fugarse \u00a0\u00bf asumir\u00e1 su propia defensa?"},"content":{"rendered":"\n<figure class=\"wp-block-image aligncenter size-large is-resized\"><img fetchpriority=\"high\" decoding=\"async\" width=\"1024\" height=\"720\" src=\"https:\/\/elmercuriomanta.ec\/wp-content\/uploads\/2025\/06\/HHSGGY4RHBCNJOUF66F2RAJ7EM-1024x720.avif\" alt=\"\" class=\"wp-image-46936\" style=\"width:391px;height:auto\" srcset=\"https:\/\/elmercuriomanta.ec\/wp-content\/uploads\/2025\/06\/HHSGGY4RHBCNJOUF66F2RAJ7EM-1024x720.avif 1024w, https:\/\/elmercuriomanta.ec\/wp-content\/uploads\/2025\/06\/HHSGGY4RHBCNJOUF66F2RAJ7EM-300x211.avif 300w, https:\/\/elmercuriomanta.ec\/wp-content\/uploads\/2025\/06\/HHSGGY4RHBCNJOUF66F2RAJ7EM-768x540.avif 768w, https:\/\/elmercuriomanta.ec\/wp-content\/uploads\/2025\/06\/HHSGGY4RHBCNJOUF66F2RAJ7EM.avif 1384w\" sizes=\"(max-width: 1024px) 100vw, 1024px\" \/><\/figure>\n\n\n\n<p>Con la posibilidad de ser extraditado a Estados Unidos, Adolfo Mac\u00edas Villamar, conocido como alias \u201cFito\u201d, deber\u00e1 comenzar a preparar su estrategia legal para enfrentar un proceso que podr\u00eda mantenerlo tras las rejas fuera del pa\u00eds por varios a\u00f1os.<\/p>\n\n\n\n<p>El l\u00edder criminal de 45 a\u00f1os fue acusado este a\u00f1o en una corte de Nueva York por siete cargos relacionados con el narcotr\u00e1fico. Su recaptura se produjo el mi\u00e9rcoles 25 de junio, en un b\u00fanker ubicado entre Manta y Montecristi, provincia de Manab\u00ed, luego de 17 meses pr\u00f3fugo tras escapar de la c\u00e1rcel Regional de Guayaquil.<\/p>\n\n\n\n<p>Antes de su fuga, alias Fito ya acumulaba una sentencia de 34 a\u00f1os por delitos como narcotr\u00e1fico, asesinato y delincuencia organizada. Su recaptura reactiv\u00f3 el proceso judicial por evasi\u00f3n, por el cual podr\u00eda recibir hasta tres a\u00f1os adicionales de prisi\u00f3n en Ecuador. Sin embargo, el Gobierno ecuatoriano ha manifestado su intenci\u00f3n de que el l\u00edder de Los Choneros sea extraditado a Estados Unidos para enfrentar las acusaciones en su contra.<\/p>\n\n\n\n<p>Fito no es ajeno al \u00e1mbito legal. Durante su tiempo en prisi\u00f3n estudi\u00f3 Derecho en una universidad de Loja y obtuvo su t\u00edtulo de abogado, registrado en la Senescyt seis meses antes de su escape, en julio de 2023. A pesar de ello, no ha notificado si asumir\u00e1 su propia defensa en el proceso por evasi\u00f3n. La audiencia preparatoria de juicio ha sido convocada para el 23 de julio, a las 10:50.<\/p>\n\n\n\n<p>Pero su mayor preocupaci\u00f3n parece ser la extradici\u00f3n. En los \u00faltimos d\u00edas se conoci\u00f3 que ha contratado como defensor en EE. UU. al abogado penalista Alexei Schacht, conocido por representar a narcotraficantes de alto perfil como Juan Carlos Ram\u00edrez Abad\u00eda (\u201cChupeta\u201d) y Dairo \u00dasuga (\u201cOtoniel\u201d).<\/p>\n\n\n\n<p>El ministro del Interior, John Reimberg, ha se\u00f1alado que el sistema judicial investigar\u00e1 el origen de los recursos con los que Fito financia su defensa en el extranjero.<\/p>\n\n\n\n<p>Las acusaciones que enfrenta en Estados Unidos son graves e incluyen:<\/p>\n\n\n\n<ul class=\"wp-block-list\">\n<li>Conspiraci\u00f3n para distribuir coca\u00edna internacionalmente.<\/li>\n\n\n\n<li>Distribuci\u00f3n internacional de coca\u00edna.<\/li>\n\n\n\n<li>Uso de armas de fuego para actividades de narcotr\u00e1fico.<\/li>\n\n\n\n<li>Contrabando de armas desde EE. UU.<\/li>\n\n\n\n<li>Conspiraci\u00f3n para adquirir armas mediante intermediarios.<\/li>\n<\/ul>\n\n\n\n<p>Washington ha catalogado a Los Choneros como una de las organizaciones criminales m\u00e1s violentas. Mientras tanto, Ecuador est\u00e1 a la espera de que Estados Unidos formalice el pedido de extradici\u00f3n, tr\u00e1mite que deber\u00e1 seguir canales diplom\u00e1ticos y ser aprobado por la Corte Nacional de Justicia.<\/p>\n\n\n\n<p><\/p>\n","protected":false},"excerpt":{"rendered":"<p>Con la posibilidad de ser extraditado a Estados Unidos, Adolfo Mac\u00edas Villamar, conocido como alias \u201cFito\u201d, deber\u00e1 comenzar a preparar su estrategia legal para enfrentar un proceso que podr\u00eda mantenerlo tras las rejas fuera del pa\u00eds por varios a\u00f1os.<\/p>\n","protected":false},"author":14,"featured_media":46936,"comment_status":"open","ping_status":"open","sticky":false,"template":"","format":"standard","meta":{"footnotes":""},"categories":[16,1],"tags":[91],"class_list":["post-46929","post","type-post","status-publish","format-standard","has-post-thumbnail","hentry","category-cronica","category-uncategorized","tag-cronica"],"_links":{"self":[{"href":"https:\/\/elmercuriomanta.ec\/index.php\/wp-json\/wp\/v2\/posts\/46929","targetHints":{"allow":["GET"]}}],"collection":[{"href":"https:\/\/elmercuriomanta.ec\/index.php\/wp-json\/wp\/v2\/posts"}],"about":[{"href":"https:\/\/elmercuriomanta.ec\/index.php\/wp-json\/wp\/v2\/types\/post"}],"author":[{"embeddable":true,"href":"https:\/\/elmercuriomanta.ec\/index.php\/wp-json\/wp\/v2\/users\/14"}],"replies":[{"embeddable":true,"href":"https:\/\/elmercuriomanta.ec\/index.php\/wp-json\/wp\/v2\/comments?post=46929"}],"version-history":[{"count":4,"href":"https:\/\/elmercuriomanta.ec\/index.php\/wp-json\/wp\/v2\/posts\/46929\/revisions"}],"predecessor-version":[{"id":46938,"href":"https:\/\/elmercuriomanta.ec\/index.php\/wp-json\/wp\/v2\/posts\/46929\/revisions\/46938"}],"wp:featuredmedia":[{"embeddable":true,"href":"https:\/\/elmercuriomanta.ec\/index.php\/wp-json\/wp\/v2\/media\/46936"}],"wp:attachment":[{"href":"https:\/\/elmercuriomanta.ec\/index.php\/wp-json\/wp\/v2\/media?parent=46929"}],"wp:term":[{"taxonomy":"category","embeddable":true,"href":"https:\/\/elmercuriomanta.ec\/index.php\/wp-json\/wp\/v2\/categories?post=46929"},{"taxonomy":"post_tag","embeddable":true,"href":"https:\/\/elmercuriomanta.ec\/index.php\/wp-json\/wp\/v2\/tags?post=46929"}],"curies":[{"name":"wp","href":"https:\/\/api.w.org\/{rel}","templated":true}]}}