{"id":46726,"date":"2025-06-26T12:09:45","date_gmt":"2025-06-26T17:09:45","guid":{"rendered":"https:\/\/elmercuriomanta.ec\/?p=46726"},"modified":"2025-06-26T12:09:45","modified_gmt":"2025-06-26T17:09:45","slug":"comision-de-desarrollo-economico-avanza-en-el-analisis-del-proyecto-de-ley-de-areas-protegidas","status":"publish","type":"post","link":"https:\/\/elmercuriomanta.ec\/index.php\/2025\/06\/26\/comision-de-desarrollo-economico-avanza-en-el-analisis-del-proyecto-de-ley-de-areas-protegidas\/","title":{"rendered":"Comisi\u00f3n de Desarrollo Econ\u00f3mico Avanza en el An\u00e1lisis del Proyecto de Ley de \u00c1reas Protegidas"},"content":{"rendered":"\n<figure class=\"wp-block-image aligncenter size-large is-resized\"><img fetchpriority=\"high\" decoding=\"async\" width=\"1024\" height=\"691\" src=\"https:\/\/elmercuriomanta.ec\/wp-content\/uploads\/2025\/06\/image-306-1024x691.png\" alt=\"\" class=\"wp-image-46728\" style=\"width:426px;height:auto\" srcset=\"https:\/\/elmercuriomanta.ec\/wp-content\/uploads\/2025\/06\/image-306-1024x691.png 1024w, https:\/\/elmercuriomanta.ec\/wp-content\/uploads\/2025\/06\/image-306-300x203.png 300w, https:\/\/elmercuriomanta.ec\/wp-content\/uploads\/2025\/06\/image-306-768x518.png 768w, https:\/\/elmercuriomanta.ec\/wp-content\/uploads\/2025\/06\/image-306.png 1200w\" sizes=\"(max-width: 1024px) 100vw, 1024px\" \/><\/figure>\n\n\n\n<p>Este mi\u00e9rcoles se desarroll\u00f3 el segundo d\u00eda de comparecencias en la Comisi\u00f3n de Desarrollo Econ\u00f3mico, en el marco del proyecto de ley urgente para la recuperaci\u00f3n de \u00e1reas protegidas y la promoci\u00f3n del desarrollo local, remitido por el Ejecutivo.<\/p>\n\n\n\n<p>Durante la jornada, el ministro de Turismo, Mateo Estrella, coment\u00f3 que Ecuador se acerca a un modelo de turismo sostenible y responsable, lo que implica un cuidado de las \u00e1reas protegidas. \u201cLa ley apoya a la recuperaci\u00f3n de \u00e1reas que est\u00e1n tomadas por la miner\u00eda y el narcotr\u00e1fico,\u201d mencion\u00f3 el ministro. El proyecto propone la creaci\u00f3n del Fondo Nacional para la Gesti\u00f3n Ambiental, constituido por la Autoridad Ambiental Nacional y la Autoridad Nacional de Econom\u00eda de Finanzas.<\/p>\n","protected":false},"excerpt":{"rendered":"<p>Este mi\u00e9rcoles se desarroll\u00f3 el segundo d\u00eda de comparecencias en la Comisi\u00f3n de Desarrollo Econ\u00f3mico, en el marco del proyecto de ley urgente para la recuperaci\u00f3n de \u00e1reas protegidas y la promoci\u00f3n del desarrollo local, remitido por el Ejecutivo.<\/p>\n<p>Durante la jornada, el ministro de Turismo, Mateo Estrella, coment\u00f3 que Ecuador se acerca a un modelo de turismo sostenible y responsable, lo que implica un cuidado de las \u00e1reas protegidas. \u201cLa ley apoya a la recuperaci\u00f3n de \u00e1reas que est\u00e1n tomadas por la miner\u00eda y el narcotr\u00e1fico,\u201d mencion\u00f3 el ministro. El proyecto propone la creaci\u00f3n del Fondo Nacional para la Gesti\u00f3n Ambiental, constituido por la Autoridad Ambiental Nacional y la Autoridad Nacional de Econom\u00eda de Finanzas.<\/p>\n","protected":false},"author":12,"featured_media":46728,"comment_status":"open","ping_status":"open","sticky":false,"template":"","format":"standard","meta":{"footnotes":""},"categories":[1],"tags":[23],"class_list":["post-46726","post","type-post","status-publish","format-standard","has-post-thumbnail","hentry","category-uncategorized","tag-ecuador"],"_links":{"self":[{"href":"https:\/\/elmercuriomanta.ec\/index.php\/wp-json\/wp\/v2\/posts\/46726","targetHints":{"allow":["GET"]}}],"collection":[{"href":"https:\/\/elmercuriomanta.ec\/index.php\/wp-json\/wp\/v2\/posts"}],"about":[{"href":"https:\/\/elmercuriomanta.ec\/index.php\/wp-json\/wp\/v2\/types\/post"}],"author":[{"embeddable":true,"href":"https:\/\/elmercuriomanta.ec\/index.php\/wp-json\/wp\/v2\/users\/12"}],"replies":[{"embeddable":true,"href":"https:\/\/elmercuriomanta.ec\/index.php\/wp-json\/wp\/v2\/comments?post=46726"}],"version-history":[{"count":1,"href":"https:\/\/elmercuriomanta.ec\/index.php\/wp-json\/wp\/v2\/posts\/46726\/revisions"}],"predecessor-version":[{"id":46729,"href":"https:\/\/elmercuriomanta.ec\/index.php\/wp-json\/wp\/v2\/posts\/46726\/revisions\/46729"}],"wp:featuredmedia":[{"embeddable":true,"href":"https:\/\/elmercuriomanta.ec\/index.php\/wp-json\/wp\/v2\/media\/46728"}],"wp:attachment":[{"href":"https:\/\/elmercuriomanta.ec\/index.php\/wp-json\/wp\/v2\/media?parent=46726"}],"wp:term":[{"taxonomy":"category","embeddable":true,"href":"https:\/\/elmercuriomanta.ec\/index.php\/wp-json\/wp\/v2\/categories?post=46726"},{"taxonomy":"post_tag","embeddable":true,"href":"https:\/\/elmercuriomanta.ec\/index.php\/wp-json\/wp\/v2\/tags?post=46726"}],"curies":[{"name":"wp","href":"https:\/\/api.w.org\/{rel}","templated":true}]}}