{"id":46720,"date":"2025-06-26T11:39:58","date_gmt":"2025-06-26T16:39:58","guid":{"rendered":"https:\/\/elmercuriomanta.ec\/?p=46720"},"modified":"2025-06-26T11:39:58","modified_gmt":"2025-06-26T16:39:58","slug":"feriado-por-la-provincializacion-de-manabi","status":"publish","type":"post","link":"https:\/\/elmercuriomanta.ec\/index.php\/2025\/06\/26\/feriado-por-la-provincializacion-de-manabi\/","title":{"rendered":"Feriado por la Provincializaci\u00f3n de Manab\u00ed"},"content":{"rendered":"\n<figure class=\"wp-block-image aligncenter size-full is-resized\"><img fetchpriority=\"high\" decoding=\"async\" width=\"1024\" height=\"768\" src=\"https:\/\/elmercuriomanta.ec\/wp-content\/uploads\/2025\/06\/image-304.png\" alt=\"\" class=\"wp-image-46722\" style=\"width:501px;height:auto\" srcset=\"https:\/\/elmercuriomanta.ec\/wp-content\/uploads\/2025\/06\/image-304.png 1024w, https:\/\/elmercuriomanta.ec\/wp-content\/uploads\/2025\/06\/image-304-300x225.png 300w, https:\/\/elmercuriomanta.ec\/wp-content\/uploads\/2025\/06\/image-304-768x576.png 768w\" sizes=\"(max-width: 1024px) 100vw, 1024px\" \/><\/figure>\n\n\n\n<p>Este viernes 27 de junio ser\u00e1 feriado en toda la provincia de Manab\u00ed por la conmemoraci\u00f3n de los 201 a\u00f1os de su creaci\u00f3n, celebrada oficialmente cada 25 de junio. La fecha recuerda la provincializaci\u00f3n de Manab\u00ed en 1824, y el asueto fue trasladado conforme a la Ley para brindar un descanso prolongado durante el fin de semana. Durante la jornada se suspender\u00e1n las actividades en instituciones p\u00fablicas, educativas y algunos sectores comerciales. &nbsp;Adem\u00e1s, se desarrollar\u00e1n actos c\u00edvicos y eventos culturales como parte del \u201cMes del Manabitismo\u201d, una tradici\u00f3n que resalta la identidad, historia y orgullo de los manabitas.<\/p>\n\n\n\n<p><strong>\u00bfD\u00d3NDE DISFRUTAR EL FERIADO EN MANAB\u00cd?<\/strong> Con un feriado largo a la vista, el turismo manabita se activa, ofreciendo m\u00faltiples opciones para quienes desean explorar la provincia:<\/p>\n\n\n\n<p><strong>PLAYAS PARADIS\u00cdACAS<\/strong> Crucita (Portoviejo): parapente, ceviches y atardeceres \u00fanicos. San Lorenzo y Santa Marianita (Manta): ideales para deportes acu\u00e1ticos y kitesurf. Puerto Cayo y Los Frailes (Jipijapa): naturaleza virgen y aguas cristalinas dentro del Parque Nacional Machalilla.<\/p>\n\n\n\n<p><strong>SABORES MANABITAS<\/strong> No se puede hablar de feriado sin mencionar la rica gastronom\u00eda de la regi\u00f3n: viche, corviches. Cada cant\u00f3n ofrece experiencias \u00fanicas a trav\u00e9s de su cocina tradicional.<\/p>\n","protected":false},"excerpt":{"rendered":"<p>Este viernes 27 de junio ser\u00e1 feriado en toda la provincia de Manab\u00ed por la conmemoraci\u00f3n de los 201 a\u00f1os de su creaci\u00f3n, celebrada oficialmente cada 25 de junio. La fecha recuerda la provincializaci\u00f3n de Manab\u00ed en 1824, y el asueto fue trasladado conforme a la Ley para brindar un descanso prolongado durante el fin de semana. Durante la jornada se suspender\u00e1n las actividades en instituciones p\u00fablicas, educativas y algunos sectores comerciales. \u00a0Adem\u00e1s, se desarrollar\u00e1n actos c\u00edvicos y eventos culturales como parte del \u201cMes del Manabitismo\u201d, una tradici\u00f3n que resalta la identidad, historia y orgullo de los manabitas.<\/p>\n<p>\u00bfD\u00d3NDE DISFRUTAR EL FERIADO EN MANAB\u00cd? Con un feriado largo a la vista, el turismo manabita se activa, ofreciendo m\u00faltiples opciones para quienes desean explorar la provincia:<\/p>\n<p>PLAYAS PARADIS\u00cdACAS Crucita (Portoviejo): parapente, ceviches y atardeceres \u00fanicos. San Lorenzo y Santa Marianita (Manta): ideales para deportes acu\u00e1ticos y kitesurf. Puerto Cayo y Los Frailes (Jipijapa): naturaleza virgen y aguas cristalinas dentro del Parque Nacional Machalilla.<\/p>\n<p>SABORES MANABITAS No se puede hablar de feriado sin mencionar la rica gastronom\u00eda de la regi\u00f3n: viche, corviches. Cada cant\u00f3n ofrece experiencias \u00fanicas a trav\u00e9s de su cocina tradicional.<\/p>\n","protected":false},"author":12,"featured_media":46722,"comment_status":"open","ping_status":"open","sticky":false,"template":"","format":"standard","meta":{"footnotes":""},"categories":[1],"tags":[29],"class_list":["post-46720","post","type-post","status-publish","format-standard","has-post-thumbnail","hentry","category-uncategorized","tag-manabi"],"_links":{"self":[{"href":"https:\/\/elmercuriomanta.ec\/index.php\/wp-json\/wp\/v2\/posts\/46720","targetHints":{"allow":["GET"]}}],"collection":[{"href":"https:\/\/elmercuriomanta.ec\/index.php\/wp-json\/wp\/v2\/posts"}],"about":[{"href":"https:\/\/elmercuriomanta.ec\/index.php\/wp-json\/wp\/v2\/types\/post"}],"author":[{"embeddable":true,"href":"https:\/\/elmercuriomanta.ec\/index.php\/wp-json\/wp\/v2\/users\/12"}],"replies":[{"embeddable":true,"href":"https:\/\/elmercuriomanta.ec\/index.php\/wp-json\/wp\/v2\/comments?post=46720"}],"version-history":[{"count":1,"href":"https:\/\/elmercuriomanta.ec\/index.php\/wp-json\/wp\/v2\/posts\/46720\/revisions"}],"predecessor-version":[{"id":46723,"href":"https:\/\/elmercuriomanta.ec\/index.php\/wp-json\/wp\/v2\/posts\/46720\/revisions\/46723"}],"wp:featuredmedia":[{"embeddable":true,"href":"https:\/\/elmercuriomanta.ec\/index.php\/wp-json\/wp\/v2\/media\/46722"}],"wp:attachment":[{"href":"https:\/\/elmercuriomanta.ec\/index.php\/wp-json\/wp\/v2\/media?parent=46720"}],"wp:term":[{"taxonomy":"category","embeddable":true,"href":"https:\/\/elmercuriomanta.ec\/index.php\/wp-json\/wp\/v2\/categories?post=46720"},{"taxonomy":"post_tag","embeddable":true,"href":"https:\/\/elmercuriomanta.ec\/index.php\/wp-json\/wp\/v2\/tags?post=46720"}],"curies":[{"name":"wp","href":"https:\/\/api.w.org\/{rel}","templated":true}]}}