{"id":46683,"date":"2025-06-25T18:04:23","date_gmt":"2025-06-25T23:04:23","guid":{"rendered":"https:\/\/elmercuriomanta.ec\/?p=46683"},"modified":"2025-06-25T18:04:23","modified_gmt":"2025-06-25T23:04:23","slug":"cayo-fito-noboa-celebra-la-captura-del-lider-de-los-choneros-y-exige-su-extradicion-a-ee-uu","status":"publish","type":"post","link":"https:\/\/elmercuriomanta.ec\/index.php\/2025\/06\/25\/cayo-fito-noboa-celebra-la-captura-del-lider-de-los-choneros-y-exige-su-extradicion-a-ee-uu\/","title":{"rendered":"\u00a1Cay\u00f3 Fito! Noboa celebra la captura del l\u00edder de Los Choneros y exige su extradici\u00f3n a EE.UU."},"content":{"rendered":"\n<p>Este martes 25 de junio de 2025, el presidente de Ecuador, Daniel Noboa Azin, anunci\u00f3 en su cuenta oficial de X (antes Twitter) la captura de Adolfo Mac\u00edas Villamar, alias \u201cFito\u201d, uno de los l\u00edderes criminales m\u00e1s buscados del pa\u00eds y cabecilla de la organizaci\u00f3n Los Choneros.<\/p>\n\n\n\n<p>El mandatario atribuy\u00f3 el operativo a la efectividad de las leyes de Solidaridad e Inteligencia, recientemente aprobadas, y agradeci\u00f3 p\u00fablicamente a los cuerpos policiales y militares que ejecutaron el operativo. \u201cCaer\u00e1n m\u00e1s, recuperaremos el pa\u00eds. Sin tregua\u201d, se\u00f1al\u00f3 en su publicaci\u00f3n.<\/p>\n\n\n\n<p>Fito, quien se hab\u00eda fugado del Centro de Privaci\u00f3n de Libertad Regional de Guayaquil en enero pasado, fue puesto bajo custodia del Bloque de Seguridad del Estado. Adem\u00e1s, Noboa confirm\u00f3 que su gobierno ya ha realizado las gestiones necesarias para que el l\u00edder criminal sea extraditado a los Estados Unidos y se encuentra a la espera de la respuesta oficial de ese pa\u00eds.<\/p>\n\n\n\n<p>El anuncio ha generado reacciones inmediatas en redes sociales, tanto de apoyo como de cr\u00edticas. Usuarios como @SoyBelenix celebraron la noticia y respaldaron las decisiones del gobierno, destacando la contundencia de la acci\u00f3n.<\/p>\n\n\n\n<p>Esta captura representa uno de los mayores golpes al crimen organizado en los \u00faltimos a\u00f1os y marca un nuevo cap\u00edtulo en la pol\u00edtica de seguridad del actual r\u00e9gimen.<\/p>\n","protected":false},"excerpt":{"rendered":"<p>Este martes 25 de junio de 2025, el presidente de Ecuador, Daniel Noboa Azin, anunci\u00f3 en su cuenta oficial de X (antes Twitter) la captura de Adolfo Mac\u00edas Villamar, alias \u201cFito\u201d, uno de los l\u00edderes criminales m\u00e1s buscados del pa\u00eds y cabecilla de la organizaci\u00f3n Los Choneros. El mandatario atribuy\u00f3 el operativo a la efectividad [&hellip;]<\/p>\n","protected":false},"author":14,"featured_media":0,"comment_status":"open","ping_status":"open","sticky":false,"template":"","format":"standard","meta":{"footnotes":""},"categories":[1],"tags":[],"class_list":["post-46683","post","type-post","status-publish","format-standard","hentry","category-uncategorized"],"_links":{"self":[{"href":"https:\/\/elmercuriomanta.ec\/index.php\/wp-json\/wp\/v2\/posts\/46683","targetHints":{"allow":["GET"]}}],"collection":[{"href":"https:\/\/elmercuriomanta.ec\/index.php\/wp-json\/wp\/v2\/posts"}],"about":[{"href":"https:\/\/elmercuriomanta.ec\/index.php\/wp-json\/wp\/v2\/types\/post"}],"author":[{"embeddable":true,"href":"https:\/\/elmercuriomanta.ec\/index.php\/wp-json\/wp\/v2\/users\/14"}],"replies":[{"embeddable":true,"href":"https:\/\/elmercuriomanta.ec\/index.php\/wp-json\/wp\/v2\/comments?post=46683"}],"version-history":[{"count":2,"href":"https:\/\/elmercuriomanta.ec\/index.php\/wp-json\/wp\/v2\/posts\/46683\/revisions"}],"predecessor-version":[{"id":46686,"href":"https:\/\/elmercuriomanta.ec\/index.php\/wp-json\/wp\/v2\/posts\/46683\/revisions\/46686"}],"wp:attachment":[{"href":"https:\/\/elmercuriomanta.ec\/index.php\/wp-json\/wp\/v2\/media?parent=46683"}],"wp:term":[{"taxonomy":"category","embeddable":true,"href":"https:\/\/elmercuriomanta.ec\/index.php\/wp-json\/wp\/v2\/categories?post=46683"},{"taxonomy":"post_tag","embeddable":true,"href":"https:\/\/elmercuriomanta.ec\/index.php\/wp-json\/wp\/v2\/tags?post=46683"}],"curies":[{"name":"wp","href":"https:\/\/api.w.org\/{rel}","templated":true}]}}