{"id":46672,"date":"2025-06-25T16:41:32","date_gmt":"2025-06-25T21:41:32","guid":{"rendered":"https:\/\/elmercuriomanta.ec\/?p=46672"},"modified":"2025-06-25T16:48:49","modified_gmt":"2025-06-25T21:48:49","slug":"militares-custodian-a-detenidos-tras-violento-episodio-carcelario","status":"publish","type":"post","link":"https:\/\/elmercuriomanta.ec\/index.php\/2025\/06\/25\/militares-custodian-a-detenidos-tras-violento-episodio-carcelario\/","title":{"rendered":"\u00a1Blindados y armados! Militares custodian a detenidos tras violento episodio carcelario"},"content":{"rendered":"\n<figure class=\"wp-block-image aligncenter size-large is-resized\"><img fetchpriority=\"high\" decoding=\"async\" width=\"1024\" height=\"768\" src=\"https:\/\/elmercuriomanta.ec\/wp-content\/uploads\/2025\/06\/GuUWTTeWIAET7IP-1024x768.jpg\" alt=\"\" class=\"wp-image-46675\" style=\"width:388px;height:auto\" srcset=\"https:\/\/elmercuriomanta.ec\/wp-content\/uploads\/2025\/06\/GuUWTTeWIAET7IP-1024x768.jpg 1024w, https:\/\/elmercuriomanta.ec\/wp-content\/uploads\/2025\/06\/GuUWTTeWIAET7IP-300x225.jpg 300w, https:\/\/elmercuriomanta.ec\/wp-content\/uploads\/2025\/06\/GuUWTTeWIAET7IP-768x576.jpg 768w, https:\/\/elmercuriomanta.ec\/wp-content\/uploads\/2025\/06\/GuUWTTeWIAET7IP-1536x1152.jpg 1536w, https:\/\/elmercuriomanta.ec\/wp-content\/uploads\/2025\/06\/GuUWTTeWIAET7IP.jpg 1600w\" sizes=\"(max-width: 1024px) 100vw, 1024px\" \/><\/figure>\n\n\n\n<p>En medio de un contexto de tensi\u00f3n en el Centro de Privaci\u00f3n de Libertad (CPL) de Chimborazo, el Ej\u00e9rcito Ecuatoriano brind\u00f3 seguridad durante el traslado de seis personas privadas de libertad, entre ellas Daniel S. B. y No\u00e9 S. B., hacia la Fiscal\u00eda de la provincia.<\/p>\n\n\n\n<p>De acuerdo con informaci\u00f3n oficial, los detenidos fueron conducidos para rendir sus versiones dentro de investigaciones relacionadas con los hechos violentos registrados el pasado martes 24 de junio en el interior del centro penitenciario. Se presume que algunos de los trasladados estar\u00edan implicados en intentos de atentado contra la integridad de otros reclusos.<\/p>\n\n\n\n<p>El despliegue militar forma parte de las acciones de control y orden en la c\u00e1rcel de Riobamba, donde actualmente las Fuerzas Armadas mantienen presencia permanente para garantizar la seguridad tanto al interior como en los alrededores del centro.<\/p>\n\n\n\n<p><\/p>\n","protected":false},"excerpt":{"rendered":"<p>En medio de un contexto de tensi\u00f3n en el Centro de Privaci\u00f3n de Libertad (CPL) de Chimborazo, el Ej\u00e9rcito Ecuatoriano brind\u00f3 seguridad durante el traslado de seis personas privadas de libertad, entre ellas Daniel S. B. y No\u00e9 S. B., hacia la Fiscal\u00eda de la provincia.<\/p>\n","protected":false},"author":14,"featured_media":46675,"comment_status":"open","ping_status":"open","sticky":false,"template":"","format":"standard","meta":{"footnotes":""},"categories":[16,1],"tags":[91],"class_list":["post-46672","post","type-post","status-publish","format-standard","has-post-thumbnail","hentry","category-cronica","category-uncategorized","tag-cronica"],"_links":{"self":[{"href":"https:\/\/elmercuriomanta.ec\/index.php\/wp-json\/wp\/v2\/posts\/46672","targetHints":{"allow":["GET"]}}],"collection":[{"href":"https:\/\/elmercuriomanta.ec\/index.php\/wp-json\/wp\/v2\/posts"}],"about":[{"href":"https:\/\/elmercuriomanta.ec\/index.php\/wp-json\/wp\/v2\/types\/post"}],"author":[{"embeddable":true,"href":"https:\/\/elmercuriomanta.ec\/index.php\/wp-json\/wp\/v2\/users\/14"}],"replies":[{"embeddable":true,"href":"https:\/\/elmercuriomanta.ec\/index.php\/wp-json\/wp\/v2\/comments?post=46672"}],"version-history":[{"count":2,"href":"https:\/\/elmercuriomanta.ec\/index.php\/wp-json\/wp\/v2\/posts\/46672\/revisions"}],"predecessor-version":[{"id":46676,"href":"https:\/\/elmercuriomanta.ec\/index.php\/wp-json\/wp\/v2\/posts\/46672\/revisions\/46676"}],"wp:featuredmedia":[{"embeddable":true,"href":"https:\/\/elmercuriomanta.ec\/index.php\/wp-json\/wp\/v2\/media\/46675"}],"wp:attachment":[{"href":"https:\/\/elmercuriomanta.ec\/index.php\/wp-json\/wp\/v2\/media?parent=46672"}],"wp:term":[{"taxonomy":"category","embeddable":true,"href":"https:\/\/elmercuriomanta.ec\/index.php\/wp-json\/wp\/v2\/categories?post=46672"},{"taxonomy":"post_tag","embeddable":true,"href":"https:\/\/elmercuriomanta.ec\/index.php\/wp-json\/wp\/v2\/tags?post=46672"}],"curies":[{"name":"wp","href":"https:\/\/api.w.org\/{rel}","templated":true}]}}