{"id":46667,"date":"2025-06-25T16:03:37","date_gmt":"2025-06-25T21:03:37","guid":{"rendered":"https:\/\/elmercuriomanta.ec\/?p=46667"},"modified":"2025-06-25T16:11:35","modified_gmt":"2025-06-25T21:11:35","slug":"funcionario-del-gad-de-olmedo-es-acribillado-frente-a-su-familia","status":"publish","type":"post","link":"https:\/\/elmercuriomanta.ec\/index.php\/2025\/06\/25\/funcionario-del-gad-de-olmedo-es-acribillado-frente-a-su-familia\/","title":{"rendered":"Procurador s\u00edndico del GAD de Olmedo es acribillado frente a su familia"},"content":{"rendered":"\n<figure class=\"wp-block-image aligncenter size-full is-resized\"><img fetchpriority=\"high\" decoding=\"async\" width=\"832\" height=\"468\" src=\"https:\/\/elmercuriomanta.ec\/wp-content\/uploads\/2025\/06\/image-297.png\" alt=\"\" class=\"wp-image-46670\" style=\"width:421px;height:auto\" srcset=\"https:\/\/elmercuriomanta.ec\/wp-content\/uploads\/2025\/06\/image-297.png 832w, https:\/\/elmercuriomanta.ec\/wp-content\/uploads\/2025\/06\/image-297-300x169.png 300w, https:\/\/elmercuriomanta.ec\/wp-content\/uploads\/2025\/06\/image-297-768x432.png 768w\" sizes=\"(max-width: 832px) 100vw, 832px\" \/><\/figure>\n\n\n\n<p>En un hecho que ha conmocionado al cant\u00f3n Olmedo, Jhon Estalin D\u00edaz S\u00e1nchez, procurador s\u00edndico del Municipio, fue ases1nado la tarde del martes 24 de junio, mientras se movilizaba junto a su familia por la v\u00eda Santa Ana\u2013Olmedo.<\/p>\n\n\n\n<p>Seg\u00fan reportes preliminares, sujetos armados interceptaron el veh\u00edculo en el que viajaba D\u00edaz y abrieron fuego en m\u00faltiples ocasiones. El funcionario municipal falleci\u00f3 en el lugar producto de los impactos de bala. Su esposa result\u00f3 herida y fue trasladada de urgencia a una casa de salud, mientras que sus hijos, que tambi\u00e9n se encontraban en el veh\u00edculo, salieron ilesos del ataque.<\/p>\n\n\n\n<p>El hecho ha generado consternaci\u00f3n en la comunidad. Autoridades locales confirmaron el deceso del funcionario mediante un comunicado de condolencias y anunciaron que ya se ha iniciado una investigaci\u00f3n para esclarecer las causas del crimen y dar con los responsables.<\/p>\n\n\n\n<p>D\u00edaz S\u00e1nchez ejerc\u00eda funciones legales dentro del GAD Municipal y era conocido en la zona por su trayectoria profesional.<\/p>\n","protected":false},"excerpt":{"rendered":"<p>En un hecho que ha conmocionado al cant\u00f3n Olmedo, Jhon Estalin D\u00edaz S\u00e1nchez, procurador s\u00edndico del Municipio, fue ases1nado la tarde del martes 24 de junio, mientras se movilizaba junto a su familia por la v\u00eda Santa Ana\u2013Olmedo.<\/p>\n","protected":false},"author":14,"featured_media":46670,"comment_status":"open","ping_status":"open","sticky":false,"template":"","format":"standard","meta":{"footnotes":""},"categories":[1],"tags":[],"class_list":["post-46667","post","type-post","status-publish","format-standard","has-post-thumbnail","hentry","category-uncategorized"],"_links":{"self":[{"href":"https:\/\/elmercuriomanta.ec\/index.php\/wp-json\/wp\/v2\/posts\/46667","targetHints":{"allow":["GET"]}}],"collection":[{"href":"https:\/\/elmercuriomanta.ec\/index.php\/wp-json\/wp\/v2\/posts"}],"about":[{"href":"https:\/\/elmercuriomanta.ec\/index.php\/wp-json\/wp\/v2\/types\/post"}],"author":[{"embeddable":true,"href":"https:\/\/elmercuriomanta.ec\/index.php\/wp-json\/wp\/v2\/users\/14"}],"replies":[{"embeddable":true,"href":"https:\/\/elmercuriomanta.ec\/index.php\/wp-json\/wp\/v2\/comments?post=46667"}],"version-history":[{"count":2,"href":"https:\/\/elmercuriomanta.ec\/index.php\/wp-json\/wp\/v2\/posts\/46667\/revisions"}],"predecessor-version":[{"id":46671,"href":"https:\/\/elmercuriomanta.ec\/index.php\/wp-json\/wp\/v2\/posts\/46667\/revisions\/46671"}],"wp:featuredmedia":[{"embeddable":true,"href":"https:\/\/elmercuriomanta.ec\/index.php\/wp-json\/wp\/v2\/media\/46670"}],"wp:attachment":[{"href":"https:\/\/elmercuriomanta.ec\/index.php\/wp-json\/wp\/v2\/media?parent=46667"}],"wp:term":[{"taxonomy":"category","embeddable":true,"href":"https:\/\/elmercuriomanta.ec\/index.php\/wp-json\/wp\/v2\/categories?post=46667"},{"taxonomy":"post_tag","embeddable":true,"href":"https:\/\/elmercuriomanta.ec\/index.php\/wp-json\/wp\/v2\/tags?post=46667"}],"curies":[{"name":"wp","href":"https:\/\/api.w.org\/{rel}","templated":true}]}}